{"id":8046,"date":"2024-04-11T22:10:01","date_gmt":"2024-04-12T03:10:01","guid":{"rendered":"https:\/\/economiaconedmer.com\/economiaenserio\/?p=8046"},"modified":"2024-04-11T22:16:30","modified_gmt":"2024-04-12T03:16:30","slug":"alza-en-el-precio-del-diesel-se-ira-de-mula","status":"publish","type":"post","link":"https:\/\/economiaconedmer.com\/economiaenserio\/04\/11\/alza-en-el-precio-del-diesel-se-ira-de-mula\/el_bolsillo\/2024\/","title":{"rendered":"El aumento en el precio del di\u00e9sel &#8216;se ir\u00e1 de mula&#8217;"},"content":{"rendered":"\n<p>El Ministro de Hacienda, Ricardo Bonilla, dej\u00f3 abierta la posibilidad de que las tractomulas asuman el mayor incremento en los precios del di\u00e9sel o acmp, en Colombia, con lo cual el Gobierno busca reducir el d\u00e9ficit del Fondo de Estabilizaci\u00f3n de los Combustibles, que supera los 20 billones de pesos.<\/p>\n\n\n\n<p>La idea es que el mayor incremento del precio del gal\u00f3n del di\u00e9sel se aplique a los camiones de carga que en Colombia se conocen como &#8216;mulas&#8217;, de tal manera que los dem\u00e1s veh\u00edculos, es decir, aquellos con capacidad inferior a 10 toneladas, tengan una tarifa inferior. El objetivo es no afectar mucho los costos del transporte de alimentos, y evitar presiones inflacionarias. Este mismo tratamiento tendr\u00edan los automotores de transporte p\u00fablico de pasajeros, es decir, buses, busetas, colectivos y los servicios especializados.<\/p>\n\n\n\n<p>La decisi\u00f3n de subir el precio del acpm radica en que este combustible no tuvo ning\u00fan incremento el a\u00f1o pasado, mientras que la gasolina, que es usada principalmente por los veh\u00edculos particulares, fue reajustada en alrededor del 30% en 2023, y hoy se encuentran en paridad con la cotizaci\u00f3n internacional.<\/p>\n\n\n\n<p>Las negociaciones del Gobierno con los transportadores de carga se mantienen, pero todo indica que no habr\u00e1 acuerdo, raz\u00f3n por la cual el Gobierno est\u00e1 dispuesto a decretar el incremento con tarifa diferencial. Sin embargo, se est\u00e1 avaluando c\u00f3mo se har\u00eda el control para evitar la creaci\u00f3n de un mercado negro, ya que los veh\u00edculos de menor capacidad de carga podr\u00edan surtirse de acpm barato y luego lo vendan a las tractomulas.<\/p>\n\n\n\n<p>Por ahora, la se\u00f1al m\u00e1s clara dada por el Gobierno es que el alza del di\u00e9sel &#8216;se ir\u00e1 de mula&#8217;.     <\/p>\n\n\n\n<p><\/p>\n\n\n\n<p><\/p>\n\n\n\n<p>I <\/p>\n","protected":false},"excerpt":{"rendered":"<p>El Ministro de Hacienda, Ricardo Bonilla, dej\u00f3 abierta la posibilidad de que las tractomulas asuman el mayor incremento en los precios del di\u00e9sel o acmp, en Colombia, con lo cual el Gobierno busca reducir el d\u00e9ficit del Fondo de Estabilizaci\u00f3n de los Combustibles, que supera los 20 billones de pesos. La idea es que el&#8230;<\/p>\n","protected":false},"author":5,"featured_media":8048,"comment_status":"closed","ping_status":"closed","sticky":false,"template":"","format":"standard","meta":{"_FSMCFIC_featured_image_caption":"","_FSMCFIC_featured_image_nocaption":"","_FSMCFIC_featured_image_hide":"","footnotes":""},"categories":[2],"tags":[],"class_list":["post-8046","post","type-post","status-publish","format-standard","has-post-thumbnail","hentry","category-el_bolsillo"],"_links":{"self":[{"href":"https:\/\/economiaconedmer.com\/economiaenserio\/wp-json\/wp\/v2\/posts\/8046","targetHints":{"allow":["GET"]}}],"collection":[{"href":"https:\/\/economiaconedmer.com\/economiaenserio\/wp-json\/wp\/v2\/posts"}],"about":[{"href":"https:\/\/economiaconedmer.com\/economiaenserio\/wp-json\/wp\/v2\/types\/post"}],"author":[{"embeddable":true,"href":"https:\/\/economiaconedmer.com\/economiaenserio\/wp-json\/wp\/v2\/users\/5"}],"replies":[{"embeddable":true,"href":"https:\/\/economiaconedmer.com\/economiaenserio\/wp-json\/wp\/v2\/comments?post=8046"}],"version-history":[{"count":3,"href":"https:\/\/economiaconedmer.com\/economiaenserio\/wp-json\/wp\/v2\/posts\/8046\/revisions"}],"predecessor-version":[{"id":8050,"href":"https:\/\/economiaconedmer.com\/economiaenserio\/wp-json\/wp\/v2\/posts\/8046\/revisions\/8050"}],"wp:featuredmedia":[{"embeddable":true,"href":"https:\/\/economiaconedmer.com\/economiaenserio\/wp-json\/wp\/v2\/media\/8048"}],"wp:attachment":[{"href":"https:\/\/economiaconedmer.com\/economiaenserio\/wp-json\/wp\/v2\/media?parent=8046"}],"wp:term":[{"taxonomy":"category","embeddable":true,"href":"https:\/\/economiaconedmer.com\/economiaenserio\/wp-json\/wp\/v2\/categories?post=8046"},{"taxonomy":"post_tag","embeddable":true,"href":"https:\/\/economiaconedmer.com\/economiaenserio\/wp-json\/wp\/v2\/tags?post=8046"}],"curies":[{"name":"wp","href":"https:\/\/api.w.org\/{rel}","templated":true}]}}