{"id":7742,"date":"2024-03-20T19:53:02","date_gmt":"2024-03-21T00:53:02","guid":{"rendered":"https:\/\/economiaconedmer.com\/economiaenserio\/?p=7742"},"modified":"2024-03-20T19:57:44","modified_gmt":"2024-03-21T00:57:44","slug":"el-hombre-mas-rico-de-colombia-dejo-de-trabajar-a-los-91-anos-de-edad","status":"publish","type":"post","link":"https:\/\/economiaconedmer.com\/economiaenserio\/03\/20\/el-hombre-mas-rico-de-colombia-dejo-de-trabajar-a-los-91-anos-de-edad\/el_resto\/2024\/","title":{"rendered":"El hombre m\u00e1s rico de Colombia dej\u00f3 de trabajar a los 91 a\u00f1os de edad"},"content":{"rendered":"\n<p>Luis Carlos Sarmiento Angulo, fundador y presidente de la junta directiva del Grupo Aval, anunci\u00f3 su retiro, y design\u00f3 en su reemplazo, a su hijo Luis Carlos Sarmiento Gut\u00e9rrez,<\/p>\n\n\n\n<p>Al manifestar su intenci\u00f3n de retirarse, el empresario hizo un recuento de su trayectoria profesional, as\u00ed como de la evoluci\u00f3n de las principales inversiones que controla Grupo Aval, tales como los bancos de Bogot\u00e1, Occidente, Popular y AV Villas, la Corporaci\u00f3n Financiera Colombiana y la AFP Porvenir, y de otras importantes inversiones de la Organizaci\u00f3n Sarmiento Angulo dentro de las que se cuentan Seguros Alfa, El Tiempo y Construcciones Planificadas. As\u00ed mismo, resalt\u00f3 el n\u00famero de trabajadores vinculados a las empresas de la organizaci\u00f3n, los que exceden de 120 mil, y las contribuciones que las compa\u00f1\u00edas vinculadas aportan a la econom\u00eda del pa\u00eds, incluyendo los impuestos generados en favor de la Naci\u00f3n y de las regiones.<\/p>\n\n\n\n<p>En su exposici\u00f3n, Sarmiento Angulo tambi\u00e9n resalt\u00f3 las labores de filantrop\u00eda desarrolladas durante su ejercicio como Presidente de la Junta Directiva de Grupo Aval, dentro de las que actualmente se destaca el Centro de Tratamiento e Investigaci\u00f3n del C\u00e1ncer \u2013 CTIC \u2013 cuya apertura tuvo lugar en el a\u00f1o 2022, as\u00ed como otras contribuciones en los campos de la educaci\u00f3n, la salud y la ayuda en casos de emergencia.<\/p>\n","protected":false},"excerpt":{"rendered":"<p>Luis Carlos Sarmiento Angulo, fundador y presidente de la junta directiva del Grupo Aval, anunci\u00f3 su retiro, y design\u00f3 en su reemplazo, a su hijo Luis Carlos Sarmiento Gut\u00e9rrez, Al manifestar su intenci\u00f3n de retirarse, el empresario hizo un recuento de su trayectoria profesional, as\u00ed como de la evoluci\u00f3n de las principales inversiones que controla&#8230;<\/p>\n","protected":false},"author":5,"featured_media":7744,"comment_status":"closed","ping_status":"closed","sticky":false,"template":"","format":"standard","meta":{"_FSMCFIC_featured_image_caption":"","_FSMCFIC_featured_image_nocaption":"","_FSMCFIC_featured_image_hide":"","footnotes":""},"categories":[22],"tags":[],"class_list":["post-7742","post","type-post","status-publish","format-standard","has-post-thumbnail","hentry","category-el_resto"],"_links":{"self":[{"href":"https:\/\/economiaconedmer.com\/economiaenserio\/wp-json\/wp\/v2\/posts\/7742","targetHints":{"allow":["GET"]}}],"collection":[{"href":"https:\/\/economiaconedmer.com\/economiaenserio\/wp-json\/wp\/v2\/posts"}],"about":[{"href":"https:\/\/economiaconedmer.com\/economiaenserio\/wp-json\/wp\/v2\/types\/post"}],"author":[{"embeddable":true,"href":"https:\/\/economiaconedmer.com\/economiaenserio\/wp-json\/wp\/v2\/users\/5"}],"replies":[{"embeddable":true,"href":"https:\/\/economiaconedmer.com\/economiaenserio\/wp-json\/wp\/v2\/comments?post=7742"}],"version-history":[{"count":1,"href":"https:\/\/economiaconedmer.com\/economiaenserio\/wp-json\/wp\/v2\/posts\/7742\/revisions"}],"predecessor-version":[{"id":7743,"href":"https:\/\/economiaconedmer.com\/economiaenserio\/wp-json\/wp\/v2\/posts\/7742\/revisions\/7743"}],"wp:featuredmedia":[{"embeddable":true,"href":"https:\/\/economiaconedmer.com\/economiaenserio\/wp-json\/wp\/v2\/media\/7744"}],"wp:attachment":[{"href":"https:\/\/economiaconedmer.com\/economiaenserio\/wp-json\/wp\/v2\/media?parent=7742"}],"wp:term":[{"taxonomy":"category","embeddable":true,"href":"https:\/\/economiaconedmer.com\/economiaenserio\/wp-json\/wp\/v2\/categories?post=7742"},{"taxonomy":"post_tag","embeddable":true,"href":"https:\/\/economiaconedmer.com\/economiaenserio\/wp-json\/wp\/v2\/tags?post=7742"}],"curies":[{"name":"wp","href":"https:\/\/api.w.org\/{rel}","templated":true}]}}