{"id":22756,"date":"2026-09-03T20:27:42","date_gmt":"2026-09-04T01:27:42","guid":{"rendered":"https:\/\/economiaconedmer.com\/economiaenserio\/?p=22756"},"modified":"2026-09-03T20:27:42","modified_gmt":"2026-09-04T01:27:42","slug":"claro-lleva-su-red-5g-a-100-ciudades","status":"publish","type":"post","link":"https:\/\/economiaconedmer.com\/economiaenserio\/09\/03\/claro-lleva-su-red-5g-a-100-ciudades\/digital\/2026\/","title":{"rendered":"Claro lleva su red 5G a 100 ciudades"},"content":{"rendered":"\n<p class=\"wp-block-paragraph\"><strong>Cartagena, 3 de septiembre de 2026.<\/strong> En Andicom 2026, Claro Colombia anunci\u00f3 que su red 5G ya est\u00e1 disponible en 100 ciudades del pa\u00eds. El hito, alcanzado en poco m\u00e1s de dos a\u00f1os, ampl\u00eda el acceso a una infraestructura esencial para que las regiones produzcan, innoven y compitan en la econom\u00eda digital. Este despliegue ha requerido inversiones superiores a USD 60M, que se suman a los USD 120M que la compa\u00f1\u00eda ya hab\u00eda destinado para la adquisici\u00f3n del espectro.\u00a0<\/p>\n\n\n\n<p class=\"wp-block-paragraph\">La compa\u00f1\u00eda activ\u00f3 su red 5G en seis ciudades en febrero de 2024. Desde entonces, multiplic\u00f3 su presencia hasta llegar a cien territorios y alcanzar potencialmente al 55% de la poblaci\u00f3n, con una expansi\u00f3n que incluye grandes centros urbanos, ciudades intermedias y municipios. El resultado no es solamente un mapa con mayor cobertura, sino una plataforma con m\u00e1s capacidad, mayor velocidad y menor latencia para acercar nuevas oportunidades a personas, empresas y entidades p\u00fablicas.<\/p>\n\n\n\n<p class=\"wp-block-paragraph\">\u201c<em>Llegar a 100 ciudades y municipios demuestra que 5G ya no es una promesa: es una infraestructura que est\u00e1 ampliando las posibilidades de Colombia. Cada nuevo territorio conectado puede acceder a m\u00e1s capacidad para aprender, emprender, producir e innovar. Ese es el sentido de nuestra inversi\u00f3n: convertir la tecnolog\u00eda en desarrollo y competitividad para el pa\u00eds<\/em>\u201d, afirm\u00f3 Rodrigo de Gusmao, presidente de Claro Colombia.&nbsp;<\/p>\n\n\n\n<p class=\"wp-block-paragraph\">La expansi\u00f3n m\u00e1s reciente incorpor\u00f3 23 municipios: Amalfi, Cisneros, Guatap\u00e9 y La Pintada, en Antioquia; Tibasosa, en Boyac\u00e1; Aranzazu, en Caldas; Guachen\u00e9, en Cauca; Becerril, en Cesar; Gachancip\u00e1, Guachet\u00e1 y Nemoc\u00f3n, en Cundinamarca; Algeciras, en Huila; Aracataca, en Magdalena; Guamal y Lejan\u00edas, en Meta; San Cayetano, en Norte de Santander; Mag\u00fc\u00ed y Policarpa, en Nari\u00f1o; La Virginia y Quinch\u00eda, en Risaralda; M\u00e1laga y El Carmen de Chucur\u00ed, en Santander; y Venadillo, en Tolima.<\/p>\n\n\n\n<p class=\"wp-block-paragraph\">Con esta expansi\u00f3n, 5G llega a m\u00e1s regiones y puede respaldar soluciones en educaci\u00f3n, salud, comercio, turismo, agricultura, log\u00edstica e industria, adem\u00e1s de facilitar la digitalizaci\u00f3n de las empresas.<\/p>\n\n\n\n<p class=\"wp-block-paragraph\">La red de Claro est\u00e1 soportada por 2.800 estaciones base, ha sido utilizada por m\u00e1s de 7 millones de clientes y ya cursa el 22% del tr\u00e1fico m\u00f3vil de datos de la compa\u00f1\u00eda. Frente al promedio mensual, durante eventos de alta demanda como el principal campeonato de F\u00fatbol, la participaci\u00f3n de 5G en el tr\u00e1fico nacional aument\u00f3 5 puntos porcentuales y la cantidad de usuarios conectados creci\u00f3 9%, reflejo de una adopci\u00f3n cada vez mayor.<\/p>\n\n\n\n<p class=\"wp-block-paragraph\">Bogot\u00e1 concentra el 35% del tr\u00e1fico 5G, seguida por Medell\u00edn, Cali, Barranquilla y Villavicencio. Las redes sociales y el video est\u00e1n entre sus principales usos, lo que evidencia c\u00f3mo la capacidad y velocidad de la red est\u00e1n transformando el acceso a contenidos y servicios digitales.<\/p>\n\n\n\n<p class=\"wp-block-paragraph\">Este despliegue hace parte de una apuesta m\u00e1s amplia, Claro integra redes m\u00f3viles y fijas, fibra \u00f3ptica, centros de datos, nube, inteligencia artificial y ciberseguridad para acompa\u00f1ar la transformaci\u00f3n de empresas y sectores productivos. As\u00ed, evoluciona de conectar personas a ofrecer soluciones que procesan informaci\u00f3n, protegen operaciones y convierten los datos en productividad.<\/p>\n\n\n\n<p class=\"wp-block-paragraph\"><\/p>\n","protected":false},"excerpt":{"rendered":"<p>Cartagena, 3 de septiembre de 2026. En Andicom 2026, Claro Colombia anunci\u00f3 que su red 5G ya est\u00e1 disponible en 100 ciudades del pa\u00eds. El hito, alcanzado en poco m\u00e1s de dos a\u00f1os, ampl\u00eda el acceso a una infraestructura esencial para que las regiones produzcan, innoven y compitan en la econom\u00eda digital. Este despliegue ha&#8230;<\/p>\n","protected":false},"author":5,"featured_media":22757,"comment_status":"closed","ping_status":"closed","sticky":false,"template":"","format":"standard","meta":{"_FSMCFIC_featured_image_caption":"","_FSMCFIC_featured_image_nocaption":"","_FSMCFIC_featured_image_hide":"","footnotes":""},"categories":[5],"tags":[],"class_list":["post-22756","post","type-post","status-publish","format-standard","has-post-thumbnail","hentry","category-digital"],"_links":{"self":[{"href":"https:\/\/economiaconedmer.com\/economiaenserio\/wp-json\/wp\/v2\/posts\/22756","targetHints":{"allow":["GET"]}}],"collection":[{"href":"https:\/\/economiaconedmer.com\/economiaenserio\/wp-json\/wp\/v2\/posts"}],"about":[{"href":"https:\/\/economiaconedmer.com\/economiaenserio\/wp-json\/wp\/v2\/types\/post"}],"author":[{"embeddable":true,"href":"https:\/\/economiaconedmer.com\/economiaenserio\/wp-json\/wp\/v2\/users\/5"}],"replies":[{"embeddable":true,"href":"https:\/\/economiaconedmer.com\/economiaenserio\/wp-json\/wp\/v2\/comments?post=22756"}],"version-history":[{"count":1,"href":"https:\/\/economiaconedmer.com\/economiaenserio\/wp-json\/wp\/v2\/posts\/22756\/revisions"}],"predecessor-version":[{"id":22758,"href":"https:\/\/economiaconedmer.com\/economiaenserio\/wp-json\/wp\/v2\/posts\/22756\/revisions\/22758"}],"wp:featuredmedia":[{"embeddable":true,"href":"https:\/\/economiaconedmer.com\/economiaenserio\/wp-json\/wp\/v2\/media\/22757"}],"wp:attachment":[{"href":"https:\/\/economiaconedmer.com\/economiaenserio\/wp-json\/wp\/v2\/media?parent=22756"}],"wp:term":[{"taxonomy":"category","embeddable":true,"href":"https:\/\/economiaconedmer.com\/economiaenserio\/wp-json\/wp\/v2\/categories?post=22756"},{"taxonomy":"post_tag","embeddable":true,"href":"https:\/\/economiaconedmer.com\/economiaenserio\/wp-json\/wp\/v2\/tags?post=22756"}],"curies":[{"name":"wp","href":"https:\/\/api.w.org\/{rel}","templated":true}]}}