{"id":22751,"date":"2026-09-03T20:17:46","date_gmt":"2026-09-04T01:17:46","guid":{"rendered":"https:\/\/economiaconedmer.com\/economiaenserio\/?p=22751"},"modified":"2026-09-03T20:18:45","modified_gmt":"2026-09-04T01:18:45","slug":"espacios-flexibles-se-ponen-de-moda-en-colombia","status":"publish","type":"post","link":"https:\/\/economiaconedmer.com\/economiaenserio\/09\/03\/espacios-flexibles-se-ponen-de-moda-en-colombia\/el_resto\/2026\/","title":{"rendered":"\u00a0Espacios flexibles se ponen de moda"},"content":{"rendered":"\n<p class=\"wp-block-paragraph\"><strong>Bogot\u00e1, 3 de septiembre de 2026.<\/strong>\u00a0La oficina est\u00e1 dejando de ser \u00fanicamente el lugar al que las personas acuden para cumplir una jornada laboral. En Colombia, el crecimiento de los espacios flexibles est\u00e1 acompa\u00f1ado por una transformaci\u00f3n en la forma en que las empresas entienden estos entornos: adem\u00e1s de infraestructura, buscan lugares que les permitan conectarse con otros empresarios, compartir conocimiento y ampliar sus redes de negocio.<\/p>\n\n\n\n<p class=\"wp-block-paragraph\">De acuerdo con el estudio&nbsp;<em>Panorama de Espacios Flexibles Colombia 2025<\/em>, elaborado por la firma global de servicios inmobiliarios JLL, el pa\u00eds cuenta con 154.000 metros cuadrados de este tipo de espacios, equivalentes al 3,5 % del mercado nacional de oficinas. El informe tambi\u00e9n se\u00f1ala que las tasas de ocupaci\u00f3n se mantienen entre el 87 % y el 90 %, mientras el mercado avanza hacia modelos que priorizan la eficiencia operativa y la colaboraci\u00f3n.<\/p>\n\n\n\n<p class=\"wp-block-paragraph\">Los espacios flexibles incluyen desde oficinas privadas y puestos de trabajo compartidos hasta salas de reuniones y \u00e1reas para eventos. Sin embargo, la evoluci\u00f3n del modelo tambi\u00e9n est\u00e1 ampliando su funci\u00f3n. Para muchas empresas, especialmente las peque\u00f1as y medianas, el valor de estos lugares puede estar no solo en contar con un espacio f\u00edsico, sino en el entorno empresarial que se genera alrededor.<\/p>\n\n\n\n<p class=\"wp-block-paragraph\">Kapital House es uno de los ejemplos de esta transformaci\u00f3n. El espacio creado por Kapital, entidad de servicios financieros enfocada en impulsar el crecimiento de las pymes, refleja en Bogot\u00e1 la evoluci\u00f3n de la instituci\u00f3n hacia un ecosistema que combina&nbsp;tecnolog\u00eda, capacidad financiera y cercan\u00eda con los empresarios.&nbsp;<\/p>\n\n\n\n<p class=\"wp-block-paragraph\">Desde su apertura en diciembre de 2022, aproximadamente 10.533 personas y 450 empresas han utilizado el espacio para reuniones, eventos, actividades de contenido y networking. Cuenta con \u00e1reas de trabajo abiertas y compartidas, salas de reuni\u00f3n, cabinas para llamadas y un sal\u00f3n para eventos, y se ha consolidado como escenario para encuentros empresariales, capacitaciones y actividades de relacionamiento con distintos actores del ecosistema.<\/p>\n\n\n\n<p class=\"wp-block-paragraph\"><em>\u201cKapital House nace de entender que el crecimiento de una pyme no depende \u00fanicamente de acceder a soluciones financieras. Tambi\u00e9n necesita espacios para conectarse, compartir conocimiento y relacionarse con otros empresarios. Por eso quisimos crear un lug<\/em><em>ar que, adem\u00e1s de ofrecer infraestructura para trabajar y reunirse, facilitara esas conexiones y acercara a las empresas a nuevas oportunidades. La intenci\u00f3n es que sea un punto de encuentro para el ecosistema empresarial y una extensi\u00f3n de nuestro prop\u00f3si<\/em><em>to de acompa\u00f1ar a las pymes en su crecimiento\u201d<\/em>, se\u00f1al\u00f3&nbsp;<strong>Vivian Acu\u00f1a, Country Manager de Kapital Colombia<\/strong>.<\/p>\n\n\n\n<p class=\"wp-block-paragraph\">Esta necesidad de conexi\u00f3n responde tambi\u00e9n a algunos de los retos identificados para el desarrollo empresarial en Colombia. Un estudio de Confec\u00e1maras se\u00f1ala que, entre las necesidades de las empresas para aumentar su productividad, se encuentran conectarse con otras compa\u00f1\u00edas para identificar potenciales clientes y proveedores, fortalecer redes empresariales y participar en espacios de relacionamiento y networking. En l\u00ednea con esta necesidad de articulaci\u00f3n, Confec\u00e1maras report\u00f3 que Colombia cuenta con 157 iniciativas cl\u00faster activas en 28 departamentos, que articulan a m\u00e1s&nbsp;de 400.000 empresas, principalmente&nbsp;mipymes, alrededor de objetivos y cadenas&nbsp;productivas comunes.&nbsp;<\/p>\n\n\n\n<p class=\"wp-block-paragraph\">La apuesta por este modelo tambi\u00e9n hace parte de una nueva etapa en la estrategia de Kapital, que busca llevar a uno de los principales centros empresariales de M\u00e9xico, Monterrey, una infraestructura financiera y tecnol\u00f3gica dise\u00f1ada para acompa\u00f1ar a las empresas en sus operaciones, crecimiento e internacionalizaci\u00f3n. Tras la experiencia desarrollada en Colombia, Kapital inaugur\u00f3 Kapital House en esta ciudad, un espacio que combina atenci\u00f3n cercana a los empresarios, infraestructura para el trabajo y reuni\u00f3n, y actividades de contenido, networking y relacionamiento alrededor de temas relevantes para las empresas.<\/p>\n\n\n\n<p class=\"wp-block-paragraph\">A nivel regional, Kapital ha atendido a m\u00e1s de 80.000 empresas en M\u00e9xico y Colombia y alcanz\u00f3 una valoraci\u00f3n de US$1.300 millones, consolid\u00e1ndose como uno de los nuevos unicornios de Am\u00e9rica Latina. En Colombia, la compa\u00f1\u00eda ha impulsado cerca de 1.500 empresas y ha desembolsado alrededor de US$95 millones.<\/p>\n\n\n\n<p class=\"wp-block-paragraph\"><em>\u201cLo que hemos visto en Kapital House es qu<\/em><em>e muchas oportunidades empiezan con algo tan sencillo como una conversaci\u00f3n. Un encuentro entre empresarios puede convertirse en una alianza, un nuevo cliente o incluso en una idea para hacer crecer un negocio. Para nosotros, ese es uno de los mayores apre<\/em><em>ndizajes de esta experiencia: crear espacios donde esas conexiones puedan suceder tambi\u00e9n es una forma de acompa\u00f1ar a las pymes en su crecimiento\u201d<\/em>, concluy\u00f3&nbsp;<strong>Vivian Acu\u00f1a, Country Manager de Kapital Colombia<\/strong>.&nbsp;<\/p>\n\n\n\n<p class=\"wp-block-paragraph\">En ese sentido, el crecimiento de los espacios&nbsp;flexibles en Colombia refleja un cambio m\u00e1s amplio en la relaci\u00f3n entre las empresas y sus lugares de trabajo. La oficina ya no es solamente una direcci\u00f3n f\u00edsica: para un n\u00famero creciente de compa\u00f1\u00edas, puede convertirse en un punto de entrada a nuevas conversaciones, alianzas y oportunidades de negocio. La experiencia desarrollada en Bogot\u00e1 muestra c\u00f3mo estos espacios pueden evolucionar hacia comunidades empresariales donde el trabajo, el conocimiento y el relacionamiento conviven en un mismo lugar.<\/p>\n\n\n\n<p class=\"wp-block-paragraph\"><\/p>\n","protected":false},"excerpt":{"rendered":"<p>Bogot\u00e1, 3 de septiembre de 2026.\u00a0La oficina est\u00e1 dejando de ser \u00fanicamente el lugar al que las personas acuden para cumplir una jornada laboral. En Colombia, el crecimiento de los espacios flexibles est\u00e1 acompa\u00f1ado por una transformaci\u00f3n en la forma en que las empresas entienden estos entornos: adem\u00e1s de infraestructura, buscan lugares que les permitan&#8230;<\/p>\n","protected":false},"author":5,"featured_media":22752,"comment_status":"closed","ping_status":"closed","sticky":false,"template":"","format":"standard","meta":{"_FSMCFIC_featured_image_caption":"","_FSMCFIC_featured_image_nocaption":"","_FSMCFIC_featured_image_hide":"","footnotes":""},"categories":[22],"tags":[],"class_list":["post-22751","post","type-post","status-publish","format-standard","has-post-thumbnail","hentry","category-el_resto"],"_links":{"self":[{"href":"https:\/\/economiaconedmer.com\/economiaenserio\/wp-json\/wp\/v2\/posts\/22751","targetHints":{"allow":["GET"]}}],"collection":[{"href":"https:\/\/economiaconedmer.com\/economiaenserio\/wp-json\/wp\/v2\/posts"}],"about":[{"href":"https:\/\/economiaconedmer.com\/economiaenserio\/wp-json\/wp\/v2\/types\/post"}],"author":[{"embeddable":true,"href":"https:\/\/economiaconedmer.com\/economiaenserio\/wp-json\/wp\/v2\/users\/5"}],"replies":[{"embeddable":true,"href":"https:\/\/economiaconedmer.com\/economiaenserio\/wp-json\/wp\/v2\/comments?post=22751"}],"version-history":[{"count":2,"href":"https:\/\/economiaconedmer.com\/economiaenserio\/wp-json\/wp\/v2\/posts\/22751\/revisions"}],"predecessor-version":[{"id":22754,"href":"https:\/\/economiaconedmer.com\/economiaenserio\/wp-json\/wp\/v2\/posts\/22751\/revisions\/22754"}],"wp:featuredmedia":[{"embeddable":true,"href":"https:\/\/economiaconedmer.com\/economiaenserio\/wp-json\/wp\/v2\/media\/22752"}],"wp:attachment":[{"href":"https:\/\/economiaconedmer.com\/economiaenserio\/wp-json\/wp\/v2\/media?parent=22751"}],"wp:term":[{"taxonomy":"category","embeddable":true,"href":"https:\/\/economiaconedmer.com\/economiaenserio\/wp-json\/wp\/v2\/categories?post=22751"},{"taxonomy":"post_tag","embeddable":true,"href":"https:\/\/economiaconedmer.com\/economiaenserio\/wp-json\/wp\/v2\/tags?post=22751"}],"curies":[{"name":"wp","href":"https:\/\/api.w.org\/{rel}","templated":true}]}}