{"id":22744,"date":"2026-09-02T22:14:25","date_gmt":"2026-09-03T03:14:25","guid":{"rendered":"https:\/\/economiaconedmer.com\/economiaenserio\/?p=22744"},"modified":"2026-09-02T22:18:58","modified_gmt":"2026-09-03T03:18:58","slug":"satena-regalara-un-tiquete-a-quienes-hagan-10-viajes-de-aqui-al-15-de-diciembre","status":"publish","type":"post","link":"https:\/\/economiaconedmer.com\/economiaenserio\/09\/02\/satena-regalara-un-tiquete-a-quienes-hagan-10-viajes-de-aqui-al-15-de-diciembre\/el_resto\/2026\/","title":{"rendered":"Satena regalar\u00e1 un tiquete a quienes hagan 10 viajes, hasta el 15 de diciembre"},"content":{"rendered":"\n<p class=\"wp-block-paragraph\"><strong>Bogot\u00e1, septiembre de 2026.<\/strong>&nbsp;SATENA, la Aerol\u00ednea de los Colombianos, puso en marcha \u201cVuela M\u00e1s, Gana M\u00e1s\u201d, una nueva campa\u00f1a de fidelizaci\u00f3n con la que busca reconocer a los pasajeros que utilizan de manera recurrente su red a\u00e9rea. Quienes acumulen 10 trayectos v\u00e1lidos, efectivamente comprados y volados entre el 1 de septiembre y el 15 de diciembre de 2026, podr\u00e1n recibir como beneficio un tiquete para un trayecto adicional en cualquiera de las 44 rutas participantes, sujeto a disponibilidad.<\/p>\n\n\n\n<p class=\"wp-block-paragraph\">La iniciativa estar\u00e1 abierta para personas naturales desde los 12 a\u00f1os y tendr\u00e1 un periodo de inscripci\u00f3n entre el 1 y el 30 de septiembre de 2026. El registro ser\u00e1 gratuito y podr\u00e1 realizarse a trav\u00e9s de la p\u00e1gina oficial:&nbsp;<a rel=\"noopener\" target=\"_blank\" href=\"http:\/\/www.satena.com\/es\/promociones\/vuela-mas\">www.satena.com\/es\/promociones\/vuela-mas<\/a>, as\u00ed como de los c\u00f3digos QR dispuestos en agencias, la l\u00ednea de WhatsApp (+57) 323 322 0006, las redes sociales y el Call Center de la aerol\u00ednea, a trav\u00e9s de las l\u00edneas (601) 918 6030 y (+57) 601 794 2211. Una vez inscritos, los pasajeros recibir\u00e1n la confirmaci\u00f3n de su participaci\u00f3n y podr\u00e1n acumular individualmente sus trayectos elegibles durante el periodo establecido.&nbsp;<\/p>\n\n\n\n<p class=\"wp-block-paragraph\">\u201cCon \u2018Vuela M\u00e1s, Gana M\u00e1s\u2019 queremos reconocer a quienes eligen de manera recurrente a SATENA para desplazarse por el pa\u00eds. Nuestra red cumple un papel fundamental acercando regiones y comunidades, y esta campa\u00f1a nos permite fortalecer esa relaci\u00f3n con nuestros pasajeros, ofreci\u00e9ndoles un beneficio concreto por seguir volando con nosotros\u201d, se\u00f1al\u00f3 Mateo Arjona, presidente de SATENA.<\/p>\n\n\n\n<p class=\"wp-block-paragraph\">La campa\u00f1a incluye conexiones desde algunos de los principales puntos de operaci\u00f3n de la aerol\u00ednea. Entre ellas se encuentran Medell\u00edn\u2013Tol\u00fa, Medell\u00edn\u2013Valledupar, Medell\u00edn\u2013Bah\u00eda Solano, Medell\u00edn\u2013Yopal, Medell\u00edn\u2013Apartad\u00f3, Medell\u00edn\u2013Nuqu\u00ed, Bogot\u00e1\u2013Medell\u00edn, Medell\u00edn\u2013Quibd\u00f3, Medell\u00edn\u2013Barranquilla, Cali\u2013Guapi, Cali\u2013Puerto As\u00eds, Cali\u2013Tumaco, Bogot\u00e1\u2013Puerto As\u00eds, Bogot\u00e1\u2013Florencia, Bogot\u00e1\u2013San Jos\u00e9 del Guaviare, Bucaramanga\u2013Saravena, Bogot\u00e1\u2013Arauca, Bogot\u00e1\u2013Quibd\u00f3 y Bogot\u00e1\u2013Pitalito, junto con sus respectivos trayectos de regreso.<\/p>\n\n\n\n<p class=\"wp-block-paragraph\">Tambi\u00e9n participan las conexiones Barranquilla\u2013C\u00facuta, Barranquilla\u2013Monter\u00eda y Barranquilla\u2013Valledupar, en ambos sentidos. De esta manera, la estrategia incorpora&nbsp;rutas que conectan grandes ciudades con destinos regionales y territorios donde el transporte a\u00e9reo representa una alternativa relevante para la movilidad de residentes, trabajadores y viajeros.<\/p>\n\n\n\n<p class=\"wp-block-paragraph\">Una vez el pasajero complete los diez trayectos establecidos, SATENA validar\u00e1 el cumplimiento de las condiciones al finalizar&nbsp;el programa&nbsp;y comenzar\u00e1 a notificar a los beneficiarios a partir del 18 de enero de 2027. El tiquete premio podr\u00e1 solicitarse hasta el 30 de mayo de 2027 y utilizarse, de acuerdo con las condiciones y restricciones de disponibilidad establecidas, a m\u00e1s tardar el 15 de junio de 2027.<\/p>\n\n\n\n<p class=\"wp-block-paragraph\">Para la acumulaci\u00f3n ser\u00e1n v\u00e1lidos los tiquetes emitidos en las clases tarifarias Plus, Flexi, Econo y Basic, adquiridos a trav\u00e9s de los canales de venta autorizados por SATENA. No se contabilizar\u00e1n, entre otros, tiquetes de convenios corporativos, cortes\u00edas, premios, determinadas tarifas promocionales o especiales, ni vuelos realizados en rutas que no hagan parte de la&nbsp;estrategia de fidelizaci\u00f3n.<\/p>\n\n\n\n<p class=\"wp-block-paragraph\">El beneficio corresponde a un trayecto (one way) y estar\u00e1 sujeto a disponibilidad. El pasajero deber\u00e1 asumir las tasas aeroportuarias, la tarifa administrativa y los impuestos que correspondan. La redenci\u00f3n tendr\u00e1 restricciones para determinadas temporadas y fechas de alta demanda durante 2027, seg\u00fan los t\u00e9rminos y condiciones establecidos por la aerol\u00ednea.<\/p>\n\n\n\n<p class=\"wp-block-paragraph\">Con \u201cVuela M\u00e1s, Gana M\u00e1s\u201d, SATENA suma una herramienta de fidelizaci\u00f3n orientada a estimular la recurrencia de viaje dentro de su red y a fortalecer el v\u00ednculo con pasajeros que utilizan sus conexiones para movilizarse entre diferentes regiones del pa\u00eds.<\/p>\n\n\n\n<p class=\"wp-block-paragraph\"><\/p>\n","protected":false},"excerpt":{"rendered":"<p>Bogot\u00e1, septiembre de 2026.&nbsp;SATENA, la Aerol\u00ednea de los Colombianos, puso en marcha \u201cVuela M\u00e1s, Gana M\u00e1s\u201d, una nueva campa\u00f1a de fidelizaci\u00f3n con la que busca reconocer a los pasajeros que utilizan de manera recurrente su red a\u00e9rea. Quienes acumulen 10 trayectos v\u00e1lidos, efectivamente comprados y volados entre el 1 de septiembre y el 15 de&#8230;<\/p>\n","protected":false},"author":5,"featured_media":22746,"comment_status":"closed","ping_status":"closed","sticky":false,"template":"","format":"standard","meta":{"_FSMCFIC_featured_image_caption":"","_FSMCFIC_featured_image_nocaption":"","_FSMCFIC_featured_image_hide":"","footnotes":""},"categories":[22],"tags":[],"class_list":["post-22744","post","type-post","status-publish","format-standard","has-post-thumbnail","hentry","category-el_resto"],"_links":{"self":[{"href":"https:\/\/economiaconedmer.com\/economiaenserio\/wp-json\/wp\/v2\/posts\/22744","targetHints":{"allow":["GET"]}}],"collection":[{"href":"https:\/\/economiaconedmer.com\/economiaenserio\/wp-json\/wp\/v2\/posts"}],"about":[{"href":"https:\/\/economiaconedmer.com\/economiaenserio\/wp-json\/wp\/v2\/types\/post"}],"author":[{"embeddable":true,"href":"https:\/\/economiaconedmer.com\/economiaenserio\/wp-json\/wp\/v2\/users\/5"}],"replies":[{"embeddable":true,"href":"https:\/\/economiaconedmer.com\/economiaenserio\/wp-json\/wp\/v2\/comments?post=22744"}],"version-history":[{"count":2,"href":"https:\/\/economiaconedmer.com\/economiaenserio\/wp-json\/wp\/v2\/posts\/22744\/revisions"}],"predecessor-version":[{"id":22747,"href":"https:\/\/economiaconedmer.com\/economiaenserio\/wp-json\/wp\/v2\/posts\/22744\/revisions\/22747"}],"wp:featuredmedia":[{"embeddable":true,"href":"https:\/\/economiaconedmer.com\/economiaenserio\/wp-json\/wp\/v2\/media\/22746"}],"wp:attachment":[{"href":"https:\/\/economiaconedmer.com\/economiaenserio\/wp-json\/wp\/v2\/media?parent=22744"}],"wp:term":[{"taxonomy":"category","embeddable":true,"href":"https:\/\/economiaconedmer.com\/economiaenserio\/wp-json\/wp\/v2\/categories?post=22744"},{"taxonomy":"post_tag","embeddable":true,"href":"https:\/\/economiaconedmer.com\/economiaenserio\/wp-json\/wp\/v2\/tags?post=22744"}],"curies":[{"name":"wp","href":"https:\/\/api.w.org\/{rel}","templated":true}]}}