{"id":22734,"date":"2026-09-02T19:55:53","date_gmt":"2026-09-03T00:55:53","guid":{"rendered":"https:\/\/economiaconedmer.com\/economiaenserio\/?p=22734"},"modified":"2026-09-02T19:55:54","modified_gmt":"2026-09-03T00:55:54","slug":"rellenos-sanitarios-deben-ser-la-ultima-opcion","status":"publish","type":"post","link":"https:\/\/economiaconedmer.com\/economiaenserio\/09\/02\/rellenos-sanitarios-deben-ser-la-ultima-opcion\/el_resto\/2026\/","title":{"rendered":"Rellenos sanitarios deben ser la \u00faltima opci\u00f3n"},"content":{"rendered":"\n<p class=\"wp-block-paragraph\"><strong>Bogot\u00e1, agosto de 2026.<\/strong> La gesti\u00f3n de residuos en Colombia est\u00e1 cambiando de direcci\u00f3n. El reto ya no consiste \u00fanicamente en recolectar los residuos y garantizar una disposici\u00f3n segura, sino en mantener los materiales en uso el mayor tiempo posible, recuperar su valor y dejar la disposici\u00f3n final como \u00faltima alternativa.<\/p>\n\n\n\n<p class=\"wp-block-paragraph\">Esta transformaci\u00f3n responde a la jerarqu\u00eda o pir\u00e1mide de residuos, un enfoque que prioriza la prevenci\u00f3n y minimizaci\u00f3n, la reutilizaci\u00f3n, el reciclaje, el aprovechamiento y la valorizaci\u00f3n antes del tratamiento y, finalmente, la disposici\u00f3n final.<\/p>\n\n\n\n<p class=\"wp-block-paragraph\">Los resultados de Atica muestran c\u00f3mo este enfoque puede trasladarse a la operaci\u00f3n empresarial. Durante 2025, la compa\u00f1\u00eda gestion\u00f3 515.099 toneladas de residuos mediante diferentes rutas de aprovechamiento, valorizaci\u00f3n, tratamiento especializado y disposici\u00f3n final. Seg\u00fan sus cifras, estas estrategias permitieron evitar aproximadamente 261.153 toneladas de CO\u2082 equivalente.<\/p>\n\n\n\n<p class=\"wp-block-paragraph\">Este dato refleja el nuevo reto del pa\u00eds: determinar qu\u00e9 ocurre con los residuos antes de que lleguen al relleno sanitario y cu\u00e1nto material puede reincorporarse a la econom\u00eda.<\/p>\n\n\n\n<p class=\"wp-block-paragraph\"><strong>De residuos a recursos<\/strong><\/p>\n\n\n\n<p class=\"wp-block-paragraph\">Colombia ha avanzado desde un modelo enfocado principalmente en la recolecci\u00f3n y disposici\u00f3n final hacia otro que busca prevenir la generaci\u00f3n de residuos, recuperar materiales y promover la econom\u00eda circular.<\/p>\n\n\n\n<p class=\"wp-block-paragraph\">Instrumentos como el CONPES 3874 de 2016, Pol\u00edtica Nacional para la Gesti\u00f3n Integral de Residuos S\u00f3lidos, y la Pol\u00edtica Nacional para la Gesti\u00f3n Integral de Residuos Peligrosos \u2014RESPEL\u2014 han impulsado esta evoluci\u00f3n.<\/p>\n\n\n\n<p class=\"wp-block-paragraph\">El relleno sanitario contin\u00faa siendo necesario, pero debe ser la \u00faltima alternativa. Cada tonelada enviada a disposici\u00f3n final representa materiales que pierden la oportunidad de reincorporarse a la econom\u00eda y aumenta la presi\u00f3n sobre la capacidad de los rellenos y los recursos naturales.<\/p>\n\n\n\n<p class=\"wp-block-paragraph\">Para Atica, la gesti\u00f3n integral implica recuperar materiales, valorizar residuos, generar nuevas materias primas y acompa\u00f1ar a las empresas en la transici\u00f3n hacia modelos productivos m\u00e1s circulares y eficientes.<\/p>\n\n\n\n<p class=\"wp-block-paragraph\">Sin embargo, el principal desaf\u00edo sigue siendo transformar la forma en que se gestionan los residuos. Adem\u00e1s de fortalecer la infraestructura de aprovechamiento y los mercados para materiales reciclados, es necesario mejorar la separaci\u00f3n en la fuente y consolidar una cultura que deje de considerar los residuos \u00fanicamente como un pasivo ambiental y los reconozca tambi\u00e9n como una oportunidad de generaci\u00f3n de valor.<\/p>\n\n\n\n<p class=\"wp-block-paragraph\"><\/p>\n","protected":false},"excerpt":{"rendered":"<p>Bogot\u00e1, agosto de 2026. La gesti\u00f3n de residuos en Colombia est\u00e1 cambiando de direcci\u00f3n. El reto ya no consiste \u00fanicamente en recolectar los residuos y garantizar una disposici\u00f3n segura, sino en mantener los materiales en uso el mayor tiempo posible, recuperar su valor y dejar la disposici\u00f3n final como \u00faltima alternativa. Esta transformaci\u00f3n responde a&#8230;<\/p>\n","protected":false},"author":5,"featured_media":22735,"comment_status":"closed","ping_status":"closed","sticky":false,"template":"","format":"standard","meta":{"_FSMCFIC_featured_image_caption":"","_FSMCFIC_featured_image_nocaption":"","_FSMCFIC_featured_image_hide":"","footnotes":""},"categories":[22],"tags":[],"class_list":["post-22734","post","type-post","status-publish","format-standard","has-post-thumbnail","hentry","category-el_resto"],"_links":{"self":[{"href":"https:\/\/economiaconedmer.com\/economiaenserio\/wp-json\/wp\/v2\/posts\/22734","targetHints":{"allow":["GET"]}}],"collection":[{"href":"https:\/\/economiaconedmer.com\/economiaenserio\/wp-json\/wp\/v2\/posts"}],"about":[{"href":"https:\/\/economiaconedmer.com\/economiaenserio\/wp-json\/wp\/v2\/types\/post"}],"author":[{"embeddable":true,"href":"https:\/\/economiaconedmer.com\/economiaenserio\/wp-json\/wp\/v2\/users\/5"}],"replies":[{"embeddable":true,"href":"https:\/\/economiaconedmer.com\/economiaenserio\/wp-json\/wp\/v2\/comments?post=22734"}],"version-history":[{"count":1,"href":"https:\/\/economiaconedmer.com\/economiaenserio\/wp-json\/wp\/v2\/posts\/22734\/revisions"}],"predecessor-version":[{"id":22736,"href":"https:\/\/economiaconedmer.com\/economiaenserio\/wp-json\/wp\/v2\/posts\/22734\/revisions\/22736"}],"wp:featuredmedia":[{"embeddable":true,"href":"https:\/\/economiaconedmer.com\/economiaenserio\/wp-json\/wp\/v2\/media\/22735"}],"wp:attachment":[{"href":"https:\/\/economiaconedmer.com\/economiaenserio\/wp-json\/wp\/v2\/media?parent=22734"}],"wp:term":[{"taxonomy":"category","embeddable":true,"href":"https:\/\/economiaconedmer.com\/economiaenserio\/wp-json\/wp\/v2\/categories?post=22734"},{"taxonomy":"post_tag","embeddable":true,"href":"https:\/\/economiaconedmer.com\/economiaenserio\/wp-json\/wp\/v2\/tags?post=22734"}],"curies":[{"name":"wp","href":"https:\/\/api.w.org\/{rel}","templated":true}]}}