{"id":22731,"date":"2026-09-02T19:49:44","date_gmt":"2026-09-03T00:49:44","guid":{"rendered":"https:\/\/economiaconedmer.com\/economiaenserio\/?p=22731"},"modified":"2026-09-02T19:49:45","modified_gmt":"2026-09-03T00:49:45","slug":"camacol-bogota-y-cundinamarca-entrega-27-viviendas-a-afectados-por-el-terremoto","status":"publish","type":"post","link":"https:\/\/economiaconedmer.com\/economiaenserio\/09\/02\/camacol-bogota-y-cundinamarca-entrega-27-viviendas-a-afectados-por-el-terremoto\/corticas\/2026\/","title":{"rendered":"Camacol Bogot\u00e1 y Cundinamarca entrega 27 viviendas a afectados por el terremoto"},"content":{"rendered":"\n<p class=\"wp-block-paragraph\"><strong>Bogot\u00e1, septiembre 2 de 2026.<\/strong>&nbsp;Durante el IV Congreso de Inversi\u00f3n Inmobiliaria, Camacol Bogot\u00e1 y Cundinamarca anunci\u00f3 la construcci\u00f3n y entrega de 27 viviendas para familias afectadas por el terremoto del 10 de agosto en el departamento del Choc\u00f3.<\/p>\n\n\n\n<p class=\"wp-block-paragraph\">El anuncio fue realizado por Juan Camilo Gonz\u00e1lez, presidente de la Junta Directiva de Camacol Bogot\u00e1 y Cundinamarca, a la gobernadora del Choc\u00f3, Nubia Carolina C\u00f3rdoba, como parte de las acciones que desde el sector privado se adelantan para contribuir a la recuperaci\u00f3n de las comunidades afectadas por la emergencia.<\/p>\n\n\n\n<p class=\"wp-block-paragraph\">La alianza con la Corporaci\u00f3n Minuto de Dios permitir\u00e1 sumar la experiencia de ambas organizaciones para avanzar en la construcci\u00f3n de las viviendas y acompa\u00f1ar a las familias beneficiarias durante este proceso. Las 27 viviendas representan una inversi\u00f3n de m\u00e1s de 5.000 mil millones con un periodo de 6 meses para su construcci\u00f3n.&nbsp;<\/p>\n\n\n\n<p class=\"wp-block-paragraph\"><em>\u201cCamacol Bogot\u00e1 y Cundinamarca y la Corporaci\u00f3n Minuto de Dios nos unimos para aportar a la reconstrucci\u00f3n del Choc\u00f3 y acompa\u00f1ar a las familias afectadas por el terremoto. A la asistencia t\u00e9cnica que hemos venido brindando desde el gremio, hoy sumamos la construcci\u00f3n de un proyecto de 27 viviendas en Quibd\u00f3, que beneficiar\u00e1 al mismo n\u00famero de familias afectadas por la emergencia. Ser\u00e1n viviendas unifamiliares que contar\u00e1n con urbanismo, zonas de cesi\u00f3n y espacio p\u00fablico. Con este proyecto queremos aportar de manera concreta a la recuperaci\u00f3n de las familias y demostrar que, cuando sumamos capacidades, podemos contribuir a reconstruir las comunidades afectadas<\/em>\u201d, afirm\u00f3 Edwin Chirivi, gerente de Camacol Bogot\u00e1 y Cundinamarca.<\/p>\n","protected":false},"excerpt":{"rendered":"<p>Bogot\u00e1, septiembre 2 de 2026.&nbsp;Durante el IV Congreso de Inversi\u00f3n Inmobiliaria, Camacol Bogot\u00e1 y Cundinamarca anunci\u00f3 la construcci\u00f3n y entrega de 27 viviendas para familias afectadas por el terremoto del 10 de agosto en el departamento del Choc\u00f3. El anuncio fue realizado por Juan Camilo Gonz\u00e1lez, presidente de la Junta Directiva de Camacol Bogot\u00e1 y&#8230;<\/p>\n","protected":false},"author":5,"featured_media":22732,"comment_status":"closed","ping_status":"closed","sticky":false,"template":"","format":"standard","meta":{"_FSMCFIC_featured_image_caption":"","_FSMCFIC_featured_image_nocaption":"","_FSMCFIC_featured_image_hide":"","footnotes":""},"categories":[23],"tags":[],"class_list":["post-22731","post","type-post","status-publish","format-standard","has-post-thumbnail","hentry","category-corticas"],"_links":{"self":[{"href":"https:\/\/economiaconedmer.com\/economiaenserio\/wp-json\/wp\/v2\/posts\/22731","targetHints":{"allow":["GET"]}}],"collection":[{"href":"https:\/\/economiaconedmer.com\/economiaenserio\/wp-json\/wp\/v2\/posts"}],"about":[{"href":"https:\/\/economiaconedmer.com\/economiaenserio\/wp-json\/wp\/v2\/types\/post"}],"author":[{"embeddable":true,"href":"https:\/\/economiaconedmer.com\/economiaenserio\/wp-json\/wp\/v2\/users\/5"}],"replies":[{"embeddable":true,"href":"https:\/\/economiaconedmer.com\/economiaenserio\/wp-json\/wp\/v2\/comments?post=22731"}],"version-history":[{"count":1,"href":"https:\/\/economiaconedmer.com\/economiaenserio\/wp-json\/wp\/v2\/posts\/22731\/revisions"}],"predecessor-version":[{"id":22733,"href":"https:\/\/economiaconedmer.com\/economiaenserio\/wp-json\/wp\/v2\/posts\/22731\/revisions\/22733"}],"wp:featuredmedia":[{"embeddable":true,"href":"https:\/\/economiaconedmer.com\/economiaenserio\/wp-json\/wp\/v2\/media\/22732"}],"wp:attachment":[{"href":"https:\/\/economiaconedmer.com\/economiaenserio\/wp-json\/wp\/v2\/media?parent=22731"}],"wp:term":[{"taxonomy":"category","embeddable":true,"href":"https:\/\/economiaconedmer.com\/economiaenserio\/wp-json\/wp\/v2\/categories?post=22731"},{"taxonomy":"post_tag","embeddable":true,"href":"https:\/\/economiaconedmer.com\/economiaenserio\/wp-json\/wp\/v2\/tags?post=22731"}],"curies":[{"name":"wp","href":"https:\/\/api.w.org\/{rel}","templated":true}]}}