{"id":22705,"date":"2026-09-01T20:45:25","date_gmt":"2026-09-02T01:45:25","guid":{"rendered":"https:\/\/economiaconedmer.com\/economiaenserio\/?p=22705"},"modified":"2026-09-01T20:48:21","modified_gmt":"2026-09-02T01:48:21","slug":"quien-exceda-el-10-del-consumo-de-energia-tendra-un-cobro-adicional","status":"publish","type":"post","link":"https:\/\/economiaconedmer.com\/economiaenserio\/09\/01\/quien-exceda-el-10-del-consumo-de-energia-tendra-un-cobro-adicional\/el_bolsillo\/2026\/","title":{"rendered":"Quien exceda el 10% del consumo de energ\u00eda pagar\u00e1 m\u00e1s"},"content":{"rendered":"\n<p class=\"wp-block-paragraph\"><strong>Bogot\u00e1, 31 de agosto de 2026<\/strong>. La Comisi\u00f3n de Regulaci\u00f3n de Energ\u00eda y Gas (CREG) expidi\u00f3 la Resoluci\u00f3n CREG 101 120 de 2026, mediante la cual estableci\u00f3 un programa transitorio de seis meses para que los hogares y peque\u00f1os negocios salvaguarden las fuentes naturales a trav\u00e9s de la reducci\u00f3n de su consumo de energ\u00eda frente a una meta individual, calculada con base en su historial de consumo de los \u00faltimos doce meses.<\/p>\n\n\n\n<p class=\"wp-block-paragraph\">\u201cLos pron\u00f3sticos internacionales estiman una probabilidad de hasta el 81% de que el Ni\u00f1o alcance una intensidad muy fuerte entre octubre y diciembre de 2026, con menores aportes de agua a los embalses justo cuando la demanda de energ\u00eda alcanza m\u00e1ximos hist\u00f3ricos.<\/p>\n\n\n\n<p class=\"wp-block-paragraph\">Actuar desde ya es la mejor forma de cuidar nuestras reservas h\u00eddricas. Ahorrar no es un castigo, es una invitaci\u00f3n a que todos pongamos nuestro grano de energ\u00eda. Lo que ahorremos hoy nos ayudar\u00e1 a contar con la energ\u00eda que necesitaremos ma\u00f1ana\u201d, asegur\u00f3 la directora ejecutiva de la CREG, Adriana Mar\u00eda Jim\u00e9nez.<\/p>\n\n\n\n<p class=\"wp-block-paragraph\">Por medio de la Resoluci\u00f3n CREG 101 126 de 2026, se modific\u00f3 la fecha de inicio del programa de ahorro de energ\u00eda al 1\u00b0 de septiembre.<\/p>\n\n\n\n<p class=\"wp-block-paragraph\">\u2022\u00a0Quien supere su meta en m\u00e1s del 10 % asume un cobro adicional, sobre el consumo que exceda ese margen.<\/p>\n\n\n\n<p class=\"wp-block-paragraph\">\u2022\u00a0Quien reduzca su consumo mensual en m\u00e1s de un 10 % frente a su meta individual podr\u00e1 acceder a un beneficio que se reflejar\u00e1 como saldo a favor en su factura, que se liquidar\u00e1 al cierre del programa y depender\u00e1 de los recursos efectivamente recaudados por los cobros adicionales, de acuerdo con las reglas del programa.<\/p>\n\n\n\n<p class=\"wp-block-paragraph\">\u2022\u00a0La meta por hogar nunca ser\u00e1 inferior al consumo m\u00ednimo de subsistencia que corresponde al usuario.<\/p>\n\n\n\n<p class=\"wp-block-paragraph\">\u2022\u00a0La primera factura que se emita luego del 1\u00b0 de septiembre de 2026 tendr\u00e1 un car\u00e1cter pedag\u00f3gico e informativo, es decir que aquellos consumos que superen la meta en m\u00e1s de 10 % no estar\u00e1n sujetos a cobros adicionales.<\/p>\n\n\n\n<p class=\"wp-block-paragraph\">\u2022&nbsp;El ahorro de los usuarios durante este primer ciclo pedag\u00f3gico, s\u00ed ser\u00e1 contabilizado.<\/p>\n\n\n\n<p class=\"wp-block-paragraph\">\u2022\u00a0El recaudo presenta un esquema diferenciado sobre la tarifa regulada para usuarios residenciales de estratos 1, 2 y 3; para estratos 4, 5 y 6; y para usuarios comerciales e industriales por cada kWh excedentario.<\/p>\n\n\n\n<p class=\"wp-block-paragraph\">\u2022\u00a0Al cierre del programa, cuya duraci\u00f3n inicial ser\u00e1 de seis meses, los comercializadores calcular\u00e1n lo recaudado por cobros adicionales y lo distribuir\u00e1n como beneficio econ\u00f3mico, que se reflejar\u00e1, como saldo a favor en la factura correspondiente a los usuarios beneficiados.<\/p>\n\n\n\n<p class=\"wp-block-paragraph\">Este cobro es transitorio y propio del programa: no modifica la tarifa del servicio de energ\u00eda ni forma parte de ella y los recursos recaudados no ingresan al patrimonio de las empresas.<\/p>\n\n\n\n<p class=\"wp-block-paragraph\">Son recursos que se destinan \u00edntegramente a reconocer a quienes ahorran, dentro de su mismo mercado. El programa se autofinancia: el valor del beneficio depender\u00e1 de cu\u00e1nto se recaude por cobros adicionales durante los seis meses, por lo que su monto no est\u00e1 garantizado de antemano.<\/p>\n\n\n\n<p class=\"wp-block-paragraph\"><strong>Un ejemplo pr\u00e1ctico<\/strong><\/p>\n\n\n\n<p class=\"wp-block-paragraph\">Es decir que, por ejemplo, si un usuario tiene como meta 100 kWh, y presenta un consumo de 115 kWh, tendr\u00e1 un cobro adicional por 5 kWh, dependiendo de qu\u00e9 tipo de usuario sea.<\/p>\n\n\n\n<p class=\"wp-block-paragraph\">En contraparte, si un hogar con esta misma meta presenta un consumo de 85 kWh, podr\u00e1 acceder a un beneficio en su factura al cierre del programa, si los recursos recaudados lo permiten.<\/p>\n\n\n\n<p class=\"wp-block-paragraph\"><\/p>\n","protected":false},"excerpt":{"rendered":"<p>Bogot\u00e1, 31 de agosto de 2026. La Comisi\u00f3n de Regulaci\u00f3n de Energ\u00eda y Gas (CREG) expidi\u00f3 la Resoluci\u00f3n CREG 101 120 de 2026, mediante la cual estableci\u00f3 un programa transitorio de seis meses para que los hogares y peque\u00f1os negocios salvaguarden las fuentes naturales a trav\u00e9s de la reducci\u00f3n de su consumo de energ\u00eda frente&#8230;<\/p>\n","protected":false},"author":9,"featured_media":22706,"comment_status":"closed","ping_status":"closed","sticky":false,"template":"","format":"standard","meta":{"_FSMCFIC_featured_image_caption":"","_FSMCFIC_featured_image_nocaption":"","_FSMCFIC_featured_image_hide":"","footnotes":""},"categories":[2],"tags":[],"class_list":["post-22705","post","type-post","status-publish","format-standard","has-post-thumbnail","hentry","category-el_bolsillo"],"_links":{"self":[{"href":"https:\/\/economiaconedmer.com\/economiaenserio\/wp-json\/wp\/v2\/posts\/22705","targetHints":{"allow":["GET"]}}],"collection":[{"href":"https:\/\/economiaconedmer.com\/economiaenserio\/wp-json\/wp\/v2\/posts"}],"about":[{"href":"https:\/\/economiaconedmer.com\/economiaenserio\/wp-json\/wp\/v2\/types\/post"}],"author":[{"embeddable":true,"href":"https:\/\/economiaconedmer.com\/economiaenserio\/wp-json\/wp\/v2\/users\/9"}],"replies":[{"embeddable":true,"href":"https:\/\/economiaconedmer.com\/economiaenserio\/wp-json\/wp\/v2\/comments?post=22705"}],"version-history":[{"count":3,"href":"https:\/\/economiaconedmer.com\/economiaenserio\/wp-json\/wp\/v2\/posts\/22705\/revisions"}],"predecessor-version":[{"id":22709,"href":"https:\/\/economiaconedmer.com\/economiaenserio\/wp-json\/wp\/v2\/posts\/22705\/revisions\/22709"}],"wp:featuredmedia":[{"embeddable":true,"href":"https:\/\/economiaconedmer.com\/economiaenserio\/wp-json\/wp\/v2\/media\/22706"}],"wp:attachment":[{"href":"https:\/\/economiaconedmer.com\/economiaenserio\/wp-json\/wp\/v2\/media?parent=22705"}],"wp:term":[{"taxonomy":"category","embeddable":true,"href":"https:\/\/economiaconedmer.com\/economiaenserio\/wp-json\/wp\/v2\/categories?post=22705"},{"taxonomy":"post_tag","embeddable":true,"href":"https:\/\/economiaconedmer.com\/economiaenserio\/wp-json\/wp\/v2\/tags?post=22705"}],"curies":[{"name":"wp","href":"https:\/\/api.w.org\/{rel}","templated":true}]}}