{"id":22700,"date":"2026-08-31T21:16:29","date_gmt":"2026-09-01T02:16:29","guid":{"rendered":"https:\/\/economiaconedmer.com\/economiaenserio\/?p=22700"},"modified":"2026-08-31T21:19:19","modified_gmt":"2026-09-01T02:19:19","slug":"petro-cerro-su-gobierno-con-desempleo-de-81","status":"publish","type":"post","link":"https:\/\/economiaconedmer.com\/economiaenserio\/08\/31\/petro-cerro-su-gobierno-con-desempleo-de-81\/el_bolsillo\/2026\/","title":{"rendered":"Petro cerr\u00f3 su Gobierno con tasa de desempleo del 8,1%"},"content":{"rendered":"\n<p class=\"wp-block-paragraph\"><em><strong>En Colombia 578 mil personas m\u00e1s, estaban empeladas en julio de 2026, que en el mismo mes de 2025.<\/strong><\/em><\/p>\n\n\n\n<p class=\"wp-block-paragraph\"><strong>Bogot\u00e1, 31 de agosto de 2026. <\/strong>El presidente Gustavo Petro sigue sacando pecho con su pol\u00edtica de empleo, De acuerdo con las cifras del Dane el mandatario despidi\u00f3 su Gobierno con una tasa de desocupaci\u00f3n nacional de 8,1%, en julio, una de las m\u00e1s bajas del presente siglo. Sin embargo, en las 13 ciudades y \u00e1reas metropolitanas no ocurri\u00f3 lo mismo. En las principales capitales la tasa de desempleo creci\u00f3 al ubicarse en 8,5%, superior al 8,4% registrado un a\u00f1o atr\u00e1s.<\/p>\n\n\n\n<p class=\"wp-block-paragraph\">En mujeres, la tasa de desocupaci\u00f3n fue de 10,1% en julio de 2026, mientras que la de los hombres se situ\u00f3 en 6,7%,<\/p>\n\n\n\n<p class=\"wp-block-paragraph\">Por sectores, la administraci\u00f3n p\u00fablica y defensa, educaci\u00f3n y atenci\u00f3n de la salud humana, fueron las ramas de actividad econ\u00f3mica que m\u00e1s aportaron a la variaci\u00f3n de la poblaci\u00f3n ocupada en julio de 2025, con 404 mil personas. En julio pasado, la poblaci\u00f3n desocupada a nivel nacional registro una disminuci\u00f3n de 160 mil personas, con una variaci\u00f3n porcentual de -6,9%.<\/p>\n\n\n\n<p class=\"wp-block-paragraph\">Por ciudades, las mayores tasas de desocupaci\u00f3n se registraron en Quibd\u00f3 (23,0%), Cartagena (13,6%) y Sincelejo (13,0%). Cartagena present\u00f3 una variaci\u00f3n estad\u00edsticamente significativa. Por el contrario, las menores tasas de desocupaci\u00f3n se observaron en Pereira A.M. (7,5%), Bucaramanga A.M. (7,2%) y Medell\u00edn (7,0).<\/p>\n\n\n\n<p class=\"wp-block-paragraph\">Cuando se analiza el desempleo entre los j\u00f3venes, en julio,  se registraron las siguientes cifras: Quibd\u00f3 (33,6%), Sincelejo (25,8%) y Cartagena (25,4%) esta ciudad present\u00f3 variaci\u00f3n estad\u00edsticamente significativa. En contraste, las menores tasas de desocupaci\u00f3n juvenil se registraron en Florencia (12,5%), Medell\u00edn A.M. (12,5%) y Pereira A.M. (12,1%).<\/p>\n","protected":false},"excerpt":{"rendered":"<p>En Colombia 578 mil personas m\u00e1s, estaban empeladas en julio de 2026, que en el mismo mes de 2025. Bogot\u00e1, 31 de agosto de 2026. El presidente Gustavo Petro sigue sacando pecho con su pol\u00edtica de empleo, De acuerdo con las cifras del Dane el mandatario despidi\u00f3 su Gobierno con una tasa de desocupaci\u00f3n nacional&#8230;<\/p>\n","protected":false},"author":5,"featured_media":22702,"comment_status":"closed","ping_status":"closed","sticky":false,"template":"","format":"standard","meta":{"_FSMCFIC_featured_image_caption":"","_FSMCFIC_featured_image_nocaption":"","_FSMCFIC_featured_image_hide":"","footnotes":""},"categories":[2],"tags":[],"class_list":["post-22700","post","type-post","status-publish","format-standard","has-post-thumbnail","hentry","category-el_bolsillo"],"_links":{"self":[{"href":"https:\/\/economiaconedmer.com\/economiaenserio\/wp-json\/wp\/v2\/posts\/22700","targetHints":{"allow":["GET"]}}],"collection":[{"href":"https:\/\/economiaconedmer.com\/economiaenserio\/wp-json\/wp\/v2\/posts"}],"about":[{"href":"https:\/\/economiaconedmer.com\/economiaenserio\/wp-json\/wp\/v2\/types\/post"}],"author":[{"embeddable":true,"href":"https:\/\/economiaconedmer.com\/economiaenserio\/wp-json\/wp\/v2\/users\/5"}],"replies":[{"embeddable":true,"href":"https:\/\/economiaconedmer.com\/economiaenserio\/wp-json\/wp\/v2\/comments?post=22700"}],"version-history":[{"count":2,"href":"https:\/\/economiaconedmer.com\/economiaenserio\/wp-json\/wp\/v2\/posts\/22700\/revisions"}],"predecessor-version":[{"id":22703,"href":"https:\/\/economiaconedmer.com\/economiaenserio\/wp-json\/wp\/v2\/posts\/22700\/revisions\/22703"}],"wp:featuredmedia":[{"embeddable":true,"href":"https:\/\/economiaconedmer.com\/economiaenserio\/wp-json\/wp\/v2\/media\/22702"}],"wp:attachment":[{"href":"https:\/\/economiaconedmer.com\/economiaenserio\/wp-json\/wp\/v2\/media?parent=22700"}],"wp:term":[{"taxonomy":"category","embeddable":true,"href":"https:\/\/economiaconedmer.com\/economiaenserio\/wp-json\/wp\/v2\/categories?post=22700"},{"taxonomy":"post_tag","embeddable":true,"href":"https:\/\/economiaconedmer.com\/economiaenserio\/wp-json\/wp\/v2\/tags?post=22700"}],"curies":[{"name":"wp","href":"https:\/\/api.w.org\/{rel}","templated":true}]}}