{"id":20825,"date":"2026-05-01T08:32:25","date_gmt":"2026-05-01T13:32:25","guid":{"rendered":"https:\/\/economiaconedmer.com\/economiaenserio\/?p=20825"},"modified":"2026-05-01T08:38:24","modified_gmt":"2026-05-01T13:38:24","slug":"banrepublica-dejo-quieta-su-tasa-de-referencia","status":"publish","type":"post","link":"https:\/\/economiaconedmer.com\/economiaenserio\/05\/01\/banrepublica-dejo-quieta-su-tasa-de-referencia\/el_bolsillo\/2026\/","title":{"rendered":"El Banrep\u00fablica dejo quieta su tasa de referencia en 11,25%"},"content":{"rendered":"\n<p>La junta directiva del Banco de la Rep\u00fablica decidi\u00f3 mantener en 11,25% su tasa de inter\u00e9s de referencia. Eso significa que, al menos en los pr\u00f3ximos dos meses, no habr\u00eda un ajuste de los intereses que los colombianos pagan por sus cr\u00e9ditos a las entidades de financiamiento. Esto solo suceder\u00eda si la entidad prestamista tiene un rezago en el costo de colocar dinero a personas naturales y jur\u00eddicas. Sin embargo, en ning\u00fan caso podr\u00e1 cobrar tasas por encina del l\u00edmite de usura establecido por la Superintendencia Financiera, y que para el presente mes de mayo se encuentra en 28,17% efectivo anual. <\/p>\n\n\n\n<p>La decisi\u00f3n del emisor de mantener estable su tasa, es una se\u00f1al de que la inflaci\u00f3n, cuyo resultado se conocer\u00e1 en la primera semana de mayo, fue estable en abril, seg\u00fan el seguimiento que realiza el equipo econ\u00f3mico de la entidad. <\/p>\n\n\n\n<p>La reuni\u00f3n de la junta directiva realizada el pasado jueves 30 de abril, estuvo marcada por la tensi\u00f3n que represent\u00f3 el retiro del Ministro de Hacienda, Germ\u00e1n \u00c1vila, en la anterior reuni\u00f3n, cuando los codirectores, en una votaci\u00f3n dividida subieron la tasa de referencia de 10,25% a 11,25%, lo que caus\u00f3 la furia del Gobierno.<\/p>\n\n\n\n<p>Sin embargo, tras un periodo de tensi\u00f3n, el ministro \u00c1vila regres\u00f3 a la junta, aunque con una amenaza bajo el brazo, lanzada por el presidente Gustavo Petro: \u00absi el Banco de la Rep\u00fablica sube m\u00e1s las tasas de inter\u00e9s, haremos un nuevo reajuste del salario m\u00ednimo\u00bb.<\/p>\n\n\n\n<p>Lo anterior significa que como no hubo aumento de tasas, tampoco habr\u00e1 reajuste del salario m\u00ednimo, cuyo vital se encuentra en dos millones de pesos mensuales, incluido el subsidio de transporte.<\/p>\n","protected":false},"excerpt":{"rendered":"<p>La junta directiva del Banco de la Rep\u00fablica decidi\u00f3 mantener en 11,25% su tasa de inter\u00e9s de referencia. Eso significa que, al menos en los pr\u00f3ximos dos meses, no habr\u00eda un ajuste de los intereses que los colombianos pagan por sus cr\u00e9ditos a las entidades de financiamiento. Esto solo suceder\u00eda si la entidad prestamista tiene&#8230;<\/p>\n","protected":false},"author":5,"featured_media":20827,"comment_status":"closed","ping_status":"closed","sticky":false,"template":"","format":"standard","meta":{"_FSMCFIC_featured_image_caption":"","_FSMCFIC_featured_image_nocaption":"","_FSMCFIC_featured_image_hide":"","footnotes":""},"categories":[2],"tags":[],"class_list":["post-20825","post","type-post","status-publish","format-standard","has-post-thumbnail","hentry","category-el_bolsillo"],"_links":{"self":[{"href":"https:\/\/economiaconedmer.com\/economiaenserio\/wp-json\/wp\/v2\/posts\/20825","targetHints":{"allow":["GET"]}}],"collection":[{"href":"https:\/\/economiaconedmer.com\/economiaenserio\/wp-json\/wp\/v2\/posts"}],"about":[{"href":"https:\/\/economiaconedmer.com\/economiaenserio\/wp-json\/wp\/v2\/types\/post"}],"author":[{"embeddable":true,"href":"https:\/\/economiaconedmer.com\/economiaenserio\/wp-json\/wp\/v2\/users\/5"}],"replies":[{"embeddable":true,"href":"https:\/\/economiaconedmer.com\/economiaenserio\/wp-json\/wp\/v2\/comments?post=20825"}],"version-history":[{"count":4,"href":"https:\/\/economiaconedmer.com\/economiaenserio\/wp-json\/wp\/v2\/posts\/20825\/revisions"}],"predecessor-version":[{"id":20831,"href":"https:\/\/economiaconedmer.com\/economiaenserio\/wp-json\/wp\/v2\/posts\/20825\/revisions\/20831"}],"wp:featuredmedia":[{"embeddable":true,"href":"https:\/\/economiaconedmer.com\/economiaenserio\/wp-json\/wp\/v2\/media\/20827"}],"wp:attachment":[{"href":"https:\/\/economiaconedmer.com\/economiaenserio\/wp-json\/wp\/v2\/media?parent=20825"}],"wp:term":[{"taxonomy":"category","embeddable":true,"href":"https:\/\/economiaconedmer.com\/economiaenserio\/wp-json\/wp\/v2\/categories?post=20825"},{"taxonomy":"post_tag","embeddable":true,"href":"https:\/\/economiaconedmer.com\/economiaenserio\/wp-json\/wp\/v2\/tags?post=20825"}],"curies":[{"name":"wp","href":"https:\/\/api.w.org\/{rel}","templated":true}]}}