{"id":20822,"date":"2026-05-01T08:10:08","date_gmt":"2026-05-01T13:10:08","guid":{"rendered":"https:\/\/economiaconedmer.com\/economiaenserio\/?p=20822"},"modified":"2026-05-01T08:10:09","modified_gmt":"2026-05-01T13:10:09","slug":"terpel-sunex-y-zonamerica-repotenciaron-su-planta-solar-en-cali","status":"publish","type":"post","link":"https:\/\/economiaconedmer.com\/economiaenserio\/05\/01\/terpel-sunex-y-zonamerica-repotenciaron-su-planta-solar-en-cali\/corticas\/2026\/","title":{"rendered":"Terpel Sunex y Zonam\u00e9rica repotenciaron su planta solar en Cali"},"content":{"rendered":"\n<p>Terpel Sunex y Zonam\u00e9rica expandieron su planta solar en Cali, consolid\u00e1ndose como un referente de la transici\u00f3n energ\u00e9tica en el Valle del Cauca.<\/p>\n\n\n\n<p>La planta aument\u00f3 su autonom\u00eda energ\u00e9tica, al llegar a una capacidad suficiente para suplir el 42% de la demanda del campus empresarial. Con la culminaci\u00f3n de sus dos fases, el proyecto alcanza una capacidad de 1.1 MWp.<\/p>\n\n\n\n<p>La inversi\u00f3n tambien representa un aporte al cuidado del planeta, pues la planta evitar\u00e1 la emisi\u00f3n de m\u00e1s de 350 toneladas de CO2 al a\u00f1o.<\/p>\n","protected":false},"excerpt":{"rendered":"<p>Terpel Sunex y Zonam\u00e9rica expandieron su planta solar en Cali, consolid\u00e1ndose como un referente de la transici\u00f3n energ\u00e9tica en el Valle del Cauca. La planta aument\u00f3 su autonom\u00eda energ\u00e9tica, al llegar a una capacidad suficiente para suplir el 42% de la demanda del campus empresarial. Con la culminaci\u00f3n de sus dos fases, el proyecto alcanza&#8230;<\/p>\n","protected":false},"author":5,"featured_media":20823,"comment_status":"closed","ping_status":"closed","sticky":false,"template":"","format":"standard","meta":{"_FSMCFIC_featured_image_caption":"","_FSMCFIC_featured_image_nocaption":"","_FSMCFIC_featured_image_hide":"","footnotes":""},"categories":[23],"tags":[],"class_list":["post-20822","post","type-post","status-publish","format-standard","has-post-thumbnail","hentry","category-corticas"],"_links":{"self":[{"href":"https:\/\/economiaconedmer.com\/economiaenserio\/wp-json\/wp\/v2\/posts\/20822","targetHints":{"allow":["GET"]}}],"collection":[{"href":"https:\/\/economiaconedmer.com\/economiaenserio\/wp-json\/wp\/v2\/posts"}],"about":[{"href":"https:\/\/economiaconedmer.com\/economiaenserio\/wp-json\/wp\/v2\/types\/post"}],"author":[{"embeddable":true,"href":"https:\/\/economiaconedmer.com\/economiaenserio\/wp-json\/wp\/v2\/users\/5"}],"replies":[{"embeddable":true,"href":"https:\/\/economiaconedmer.com\/economiaenserio\/wp-json\/wp\/v2\/comments?post=20822"}],"version-history":[{"count":1,"href":"https:\/\/economiaconedmer.com\/economiaenserio\/wp-json\/wp\/v2\/posts\/20822\/revisions"}],"predecessor-version":[{"id":20824,"href":"https:\/\/economiaconedmer.com\/economiaenserio\/wp-json\/wp\/v2\/posts\/20822\/revisions\/20824"}],"wp:featuredmedia":[{"embeddable":true,"href":"https:\/\/economiaconedmer.com\/economiaenserio\/wp-json\/wp\/v2\/media\/20823"}],"wp:attachment":[{"href":"https:\/\/economiaconedmer.com\/economiaenserio\/wp-json\/wp\/v2\/media?parent=20822"}],"wp:term":[{"taxonomy":"category","embeddable":true,"href":"https:\/\/economiaconedmer.com\/economiaenserio\/wp-json\/wp\/v2\/categories?post=20822"},{"taxonomy":"post_tag","embeddable":true,"href":"https:\/\/economiaconedmer.com\/economiaenserio\/wp-json\/wp\/v2\/tags?post=20822"}],"curies":[{"name":"wp","href":"https:\/\/api.w.org\/{rel}","templated":true}]}}