{"id":20807,"date":"2026-05-01T07:44:33","date_gmt":"2026-05-01T12:44:33","guid":{"rendered":"https:\/\/economiaconedmer.com\/economiaenserio\/?p=20807"},"modified":"2026-05-01T07:45:54","modified_gmt":"2026-05-01T12:45:54","slug":"el-desempleo-sigue-bajando-en-marzo-fue-de-88","status":"publish","type":"post","link":"https:\/\/economiaconedmer.com\/economiaenserio\/05\/01\/el-desempleo-sigue-bajando-en-marzo-fue-de-88\/el_bolsillo\/2026\/","title":{"rendered":"El desempleo en Colombia sigue a la baja: en marzo fue de 8,8%"},"content":{"rendered":"\n<p>El empleo se convirti\u00f3 en el indicador econ\u00f3mico de mostrar por parte del Gobierno del presidente Gustavo Petro. La cifra de marzo, seg\u00fan el Dane, se ubic\u00f3 en 8,8%, la siendo la tasa m\u00e1s<br>baja para un marzo desde el 2001.<\/p>\n\n\n\n<p>Este resultado represent\u00f3 una disminuci\u00f3n de 0,8 puntos porcentuales respecto al mismo mes de 2025, cuando cerr\u00f3 en 9,6%.<\/p>\n\n\n\n<p>De acuerdo con la cifra oficial, el empleo en marzo pasado mejor en los siguientes sectores:  administraci\u00f3n p\u00fablica, es decir, las entidades del Gobierno, en defensa, educaci\u00f3n y la<br>atenci\u00f3n en salud, donde 369 mil personas consiguieron trabajo. <\/p>\n\n\n\n<p>El dato de marzo fue incluso positivo respecto al empleo formal. En ese mes, el 55,6 % de los colombianos en edad y deseos de trabajar, pudieron hacerlo, aunque de manera informal, pero esta cifra represent\u00f3 una disminuci\u00f3n de 2,1 puntos porcentuales.<\/p>\n\n\n\n<p>En lo que tiene que ver con hombres y mujeres, el desempleo nacional en hombres fue de 7,1% en marzo, mientras que el de las mujeres fue de 11,1%, es decir, que se mantiene un alto desequilibrio en contra de las mujeres, con una brecha 3,9 puntos porcentuales.<\/p>\n\n\n\n<p>En todo el pa\u00eds, 650 mil personas consiguieron trabajo en marzo, respecto al a\u00f1o anterior, lo que equivale a un 2,7% adicional. As\u00ed mismo, en marzo de 2026, la poblaci\u00f3n desocupada a nivel nacional registr\u00f3 una disminuci\u00f3n de 174 mil personas. Este descenso se present\u00f3 principalmente en las zonas denominadas <br>otras cabeceras, seguido de Centros poblados y rural disperso.<\/p>\n\n\n\n<p>Las ciudades que registraron las mayores tasas de desempleo en este periodo fueron, Quibd\u00f3 (26,0%), seguida de Riohacha (14,7%) y Cartagena (13,8%). Mientras tanto, las de menores tasas de desocupaci\u00f3n se observaron en Villavicencio (8,0%), Bucaramanga y su A.M. (8,4%) y Manizales y su A.M. (8,5%).<\/p>\n\n\n\n<p> <\/p>\n","protected":false},"excerpt":{"rendered":"<p>El empleo se convirti\u00f3 en el indicador econ\u00f3mico de mostrar por parte del Gobierno del presidente Gustavo Petro. La cifra de marzo, seg\u00fan el Dane, se ubic\u00f3 en 8,8%, la siendo la tasa m\u00e1sbaja para un marzo desde el 2001. Este resultado represent\u00f3 una disminuci\u00f3n de 0,8 puntos porcentuales respecto al mismo mes de 2025,&#8230;<\/p>\n","protected":false},"author":5,"featured_media":20808,"comment_status":"closed","ping_status":"closed","sticky":false,"template":"","format":"standard","meta":{"_FSMCFIC_featured_image_caption":"","_FSMCFIC_featured_image_nocaption":"","_FSMCFIC_featured_image_hide":"","footnotes":""},"categories":[2],"tags":[],"class_list":["post-20807","post","type-post","status-publish","format-standard","has-post-thumbnail","hentry","category-el_bolsillo"],"_links":{"self":[{"href":"https:\/\/economiaconedmer.com\/economiaenserio\/wp-json\/wp\/v2\/posts\/20807","targetHints":{"allow":["GET"]}}],"collection":[{"href":"https:\/\/economiaconedmer.com\/economiaenserio\/wp-json\/wp\/v2\/posts"}],"about":[{"href":"https:\/\/economiaconedmer.com\/economiaenserio\/wp-json\/wp\/v2\/types\/post"}],"author":[{"embeddable":true,"href":"https:\/\/economiaconedmer.com\/economiaenserio\/wp-json\/wp\/v2\/users\/5"}],"replies":[{"embeddable":true,"href":"https:\/\/economiaconedmer.com\/economiaenserio\/wp-json\/wp\/v2\/comments?post=20807"}],"version-history":[{"count":2,"href":"https:\/\/economiaconedmer.com\/economiaenserio\/wp-json\/wp\/v2\/posts\/20807\/revisions"}],"predecessor-version":[{"id":20810,"href":"https:\/\/economiaconedmer.com\/economiaenserio\/wp-json\/wp\/v2\/posts\/20807\/revisions\/20810"}],"wp:featuredmedia":[{"embeddable":true,"href":"https:\/\/economiaconedmer.com\/economiaenserio\/wp-json\/wp\/v2\/media\/20808"}],"wp:attachment":[{"href":"https:\/\/economiaconedmer.com\/economiaenserio\/wp-json\/wp\/v2\/media?parent=20807"}],"wp:term":[{"taxonomy":"category","embeddable":true,"href":"https:\/\/economiaconedmer.com\/economiaenserio\/wp-json\/wp\/v2\/categories?post=20807"},{"taxonomy":"post_tag","embeddable":true,"href":"https:\/\/economiaconedmer.com\/economiaenserio\/wp-json\/wp\/v2\/tags?post=20807"}],"curies":[{"name":"wp","href":"https:\/\/api.w.org\/{rel}","templated":true}]}}