{"id":20801,"date":"2026-05-01T06:58:52","date_gmt":"2026-05-01T11:58:52","guid":{"rendered":"https:\/\/economiaconedmer.com\/economiaenserio\/?p=20801"},"modified":"2026-05-01T06:58:53","modified_gmt":"2026-05-01T11:58:53","slug":"compensar-lanza-markethinkgo-para-fortalecer-el-marketing-empresarial","status":"publish","type":"post","link":"https:\/\/economiaconedmer.com\/economiaenserio\/05\/01\/compensar-lanza-markethinkgo-para-fortalecer-el-marketing-empresarial\/el_resto\/2026\/","title":{"rendered":"Compensar lanza \u2018MarkeThinkGO\u2019 para fortalecer el marketing empresarial"},"content":{"rendered":"\n<p><strong><em>La jornada\u00a0se realizar\u00e1 el\u00a0martes 5 de mayo de 7:00 a.m. a 4:00 p.m. en el Campus de la U. Compensar.<\/em><\/strong><\/p>\n\n\n\n<p><strong>Bogot\u00e1 D.C., abril de 2026.<\/strong>\u00a0En Colombia, la inversi\u00f3n en publicidad digital alcanza cerca de $3,04 billones y m\u00e1s de 36,8 millones de personas son activas en redes sociales, seg\u00fan IAB Colombia. Sin embargo, solo el 10% de las empresas usa esos canales para vender activamente, lo que evidencia que el reto no es solo estar en el entorno digital, sino convertir esa presencia en resultados de negocio.<\/p>\n\n\n\n<p>De acuerdo con cifras del programa Territorio MiPyme de Compensar, en los \u00faltimos meses, 254 empresas han participado en procesos de consultor\u00eda en marketing digital, cuyos diagn\u00f3sticos muestran que la Experiencia del Cliente alcanza un nivel de madurez de 41,4 %, el m\u00e1s bajo entre las dimensiones evaluadas. As\u00ed mismo, 1 de cada 2 compa\u00f1\u00edas analizadas presenta necesidades inmediatas de fortalecimiento en marketing o ventas.<\/p>\n\n\n\n<p>Este panorama se da en un entorno en el que la digitalizaci\u00f3n empresarial avanza, pero de manera desigual. Cifras del Ministerio de Comercio, Industria y Turismo muestran que el 95 % del tejido empresarial del pa\u00eds est\u00e1 compuesto por microempresas. A su vez, la Asociaci\u00f3n Colombiana de las Micro, Peque\u00f1as y Medianas Empresas (ACOPI) ha se\u00f1alado que el 55 % de las MiPymes no ha realizado inversiones en transformaci\u00f3n digital, enfrentando mayores barreras para incorporar capacidades tecnol\u00f3gicas y comerciales de forma estructurada.<\/p>\n\n\n\n<p>Bajo este contexto, Compensar presenta la primera versi\u00f3n del evento sin costo&nbsp;<strong>MarkeThinkGO \u00a1Si vas con todo, ven por m\u00e1s!<\/strong>, un espacio que reunir\u00e1 a 350 l\u00edderes empresariales con una agenda enfocada en fortalecer las capacidades de las MiPymes y brindarles herramientas para tomar mejores decisiones comerciales. La jornada, dirigida a todas las empresas afiliadas a la caja de compensaci\u00f3n y al p\u00fablico de inter\u00e9s,&nbsp;se llevar\u00e1 a cabo&nbsp;<strong>el&nbsp;martes 05 de mayo de 7:00 a.m. a 4:00 p.m. en el piso seis del Campus de la Universidad Compensar.<\/strong><\/p>\n\n\n\n<p>\u201c<em>El pa\u00eds ha avanzado en digitalizaci\u00f3n, pero muchas empresas siguen enfrentando dificultades para traducir esa presencia en resultados concretos. Por eso, este tipo de espacios buscan entregar herramientas pr\u00e1cticas y rutas claras que les permitan tomar mejores decisiones comerciales y lograr que sus inversiones en marketing realmente generen valor<\/em>\u201d, se\u00f1al\u00f3&nbsp;<strong>Mar\u00eda Isabel Carrascal,<\/strong>&nbsp;<strong>gerente de Educaci\u00f3n, Empleo y Desarrollo Empresarial de Compensar<\/strong>.<\/p>\n\n\n\n<p>El evento contar\u00e1 con tres bloques estrat\u00e9gicos orientados a resolver los principales retos empresariales: estrategia, aplicaci\u00f3n y herramientas, as\u00ed como expansi\u00f3n y ventas. La agenda incluye la participaci\u00f3n de expertos de organizaciones como Raddar CKG, P\u00e1ramo LAB, Falabella Colombia, Interrapid\u00edsimo, Up Sell y Avianca, quienes compartir\u00e1n casos reales e insumos aplicables al contexto colombiano.<\/p>\n\n\n\n<p>Quienes est\u00e9n interesados&nbsp;en&nbsp;conocer m\u00e1s detalles y participar&nbsp;en el&nbsp;evento&nbsp;pueden inscribirse a trav\u00e9s del siguiente enlace:&nbsp;<a rel=\"noreferrer noopener\" target=\"_blank\" href=\"https:\/\/corporativo.compensar.com\/empresas\/eventos\/marketing-go\"><u>https:\/\/corporativo.compensar.com\/empresas\/eventos\/marketing-go<\/u><\/a><\/p>\n\n\n\n<p><strong>Un ecosistema para impulsar el crecimiento empresarial<\/strong><\/p>\n\n\n\n<p>Compensar ha creado un ecosistema empresarial organizado alrededor de cuatro ejes estrat\u00e9gicos: sostenibilidad, conexiones, productividad e innovaci\u00f3n, y desarrollo del talento humano, el cual est\u00e1 dise\u00f1ado para acompa\u00f1ar a las empresas en cada etapa de su crecimiento.<\/p>\n\n\n\n<p><em>\u201cHoy el reto no es solo implementar herramientas, sino lograr que estas realmente impacten el negocio. Por eso, acompa\u00f1amos a las empresas con un enfoque integral que va desde la definici\u00f3n de su estrategia y el fortalecimiento de sus equipos comerciales, hasta la implementaci\u00f3n de herramientas digitales y soluciones en diferentes \u00e1reas del negocio, para que puedan crecer de manera sostenible\u201d,<\/em>&nbsp;se\u00f1al\u00f3&nbsp;<strong>Carrascal<\/strong>.<\/p>\n\n\n\n<p>De esta manera, la Caja de Compensaci\u00f3n contin\u00faa consolidando su apuesta por el desarrollo empresarial, ofreciendo a las organizaciones un acompa\u00f1amiento estructurado que parte de un diagn\u00f3stico que se traduce en rutas de atenci\u00f3n ajustadas a sus necesidades, con el objetivo de fortalecer su competitividad y crecimiento en un entorno cada vez m\u00e1s exigente.<\/p>\n\n\n\n<p><\/p>\n","protected":false},"excerpt":{"rendered":"<p>La jornada\u00a0se realizar\u00e1 el\u00a0martes 5 de mayo de 7:00 a.m. a 4:00 p.m. en el Campus de la U. Compensar. Bogot\u00e1 D.C., abril de 2026.\u00a0En Colombia, la inversi\u00f3n en publicidad digital alcanza cerca de $3,04 billones y m\u00e1s de 36,8 millones de personas son activas en redes sociales, seg\u00fan IAB Colombia. Sin embargo, solo el&#8230;<\/p>\n","protected":false},"author":5,"featured_media":20802,"comment_status":"closed","ping_status":"closed","sticky":false,"template":"","format":"standard","meta":{"_FSMCFIC_featured_image_caption":"","_FSMCFIC_featured_image_nocaption":"","_FSMCFIC_featured_image_hide":"","footnotes":""},"categories":[22],"tags":[],"class_list":["post-20801","post","type-post","status-publish","format-standard","has-post-thumbnail","hentry","category-el_resto"],"_links":{"self":[{"href":"https:\/\/economiaconedmer.com\/economiaenserio\/wp-json\/wp\/v2\/posts\/20801","targetHints":{"allow":["GET"]}}],"collection":[{"href":"https:\/\/economiaconedmer.com\/economiaenserio\/wp-json\/wp\/v2\/posts"}],"about":[{"href":"https:\/\/economiaconedmer.com\/economiaenserio\/wp-json\/wp\/v2\/types\/post"}],"author":[{"embeddable":true,"href":"https:\/\/economiaconedmer.com\/economiaenserio\/wp-json\/wp\/v2\/users\/5"}],"replies":[{"embeddable":true,"href":"https:\/\/economiaconedmer.com\/economiaenserio\/wp-json\/wp\/v2\/comments?post=20801"}],"version-history":[{"count":1,"href":"https:\/\/economiaconedmer.com\/economiaenserio\/wp-json\/wp\/v2\/posts\/20801\/revisions"}],"predecessor-version":[{"id":20803,"href":"https:\/\/economiaconedmer.com\/economiaenserio\/wp-json\/wp\/v2\/posts\/20801\/revisions\/20803"}],"wp:featuredmedia":[{"embeddable":true,"href":"https:\/\/economiaconedmer.com\/economiaenserio\/wp-json\/wp\/v2\/media\/20802"}],"wp:attachment":[{"href":"https:\/\/economiaconedmer.com\/economiaenserio\/wp-json\/wp\/v2\/media?parent=20801"}],"wp:term":[{"taxonomy":"category","embeddable":true,"href":"https:\/\/economiaconedmer.com\/economiaenserio\/wp-json\/wp\/v2\/categories?post=20801"},{"taxonomy":"post_tag","embeddable":true,"href":"https:\/\/economiaconedmer.com\/economiaenserio\/wp-json\/wp\/v2\/tags?post=20801"}],"curies":[{"name":"wp","href":"https:\/\/api.w.org\/{rel}","templated":true}]}}