{"id":20789,"date":"2026-04-29T20:23:42","date_gmt":"2026-04-30T01:23:42","guid":{"rendered":"https:\/\/economiaconedmer.com\/economiaenserio\/?p=20789"},"modified":"2026-04-29T20:23:42","modified_gmt":"2026-04-30T01:23:42","slug":"centro-comercial-bulevar-proyecta-crecer-4-en-el-mes-de-la-madre","status":"publish","type":"post","link":"https:\/\/economiaconedmer.com\/economiaenserio\/04\/29\/centro-comercial-bulevar-proyecta-crecer-4-en-el-mes-de-la-madre\/el_resto\/2026\/","title":{"rendered":"Centro comercial Bulevar, proyecta crecer 4% en el mes de la madre"},"content":{"rendered":"\n<p><strong>Bogot\u00e1, Colombia \u2013 abril de 2026.<\/strong> Con la llegada de mayo, mes en el que se celebra el D\u00eda de las Madres, el comercio en Colombia entra en una de sus temporadas m\u00e1s din\u00e1micas del a\u00f1o. Centros comerciales y marcas preparan una amplia agenda de actividades, promociones y experiencias orientadas a incentivar el consumo y fortalecer la conexi\u00f3n emocional con los visitantes.<\/p>\n\n\n\n<p>De acuerdo con cifras del sector dadas por Fenalco, esta fecha se consolida como la <strong>segunda m\u00e1s importante para el comercio despu\u00e9s de Navidad<\/strong>, y se estima que <strong>el 93% de los colombianos celebra esta ocasi\u00f3n<\/strong>, convirti\u00e9ndola en una oportunidad estrat\u00e9gica para impulsar categor\u00edas clave como <strong>gastronom\u00eda, calzado y vestuario<\/strong>.<\/p>\n\n\n\n<p>En este contexto, el <strong>Centro Comercial Bulevar<\/strong> presenta una programaci\u00f3n especial que inicia el pr\u00f3ximo <strong>2 de mayo<\/strong>, dise\u00f1ada para dinamizar el tr\u00e1fico, fortalecer la experiencia del visitante y potenciar las categor\u00edas con mayor comportamiento en esta temporada.<\/p>\n\n\n\n<p><em>\u201cEsta temporada la asumimos desde una visi\u00f3n de evoluci\u00f3n constante. Estamos fortaleciendo nuestra propuesta de valor con una inversi\u00f3n decidida en experiencias, en nuestras marcas y, sobre todo, en la construcci\u00f3n de comunidad. Queremos que cada visita sea significativa, que conecte emocionalmente con nuestros visitantes y que consolide al centro comercial como un espacio vivo, cercano y en permanente transformaci\u00f3n\u201d<\/em>, afirm\u00f3 Paola Ortiz, gerente del Centro Comercial Bulevar.<\/p>\n\n\n\n<p><strong>La moda como protagonista de la temporada<\/strong><\/p>\n\n\n\n<p>Con apertura de esta agenda, el s\u00e1bado <strong>2 de mayo a las 3:00 p.m.<\/strong>, Bulevar realizar\u00e1 la <strong>Cuarta Gran Plataforma de Moda<\/strong>, un evento ic\u00f3nico que se realiza de manera consecutiva, espacio que se consolida como vitrina de tendencias y estilos dirigidos a las madres de diferentes generaciones. El desfile busca dinamizar la econom\u00eda y dar visibilidad a marcas como: Mario Hernandez, Totto, Hurlintong, Maria Paula G\u00f3mez, Bassaro, Carolina Endara, Thar India con Amor, Free Spirit, Amaranta, Santana, Wolol\u00f3, Enok, Koa, Tania, L&amp;H<\/p>\n\n\n\n<p>En esta edici\u00f3n, la pasarela cobra vida con m\u00e1s de 30 modelos en escena, quienes interpretar\u00e1n una propuesta que transita con naturalidad entre la moda casual, la elegancia y las tendencias contempor\u00e1neas, reflejando la diversidad de estilos que hoy marcan la temporada.<\/p>\n\n\n\n<p>Esta plataforma no solo busca visibilizar la oferta comercial del centro comercial, sino tambi\u00e9n responder a las din\u00e1micas del mercado. Seg\u00fan Fenalco, las categor\u00edas de <strong>ropa y calzado lideran el comportamiento de compra durante esta temporada<\/strong>, con incrementos significativos en ventas, lo que respalda la apuesta de Bulevar por este tipo de iniciativas.<\/p>\n\n\n\n<p><strong>Experiencias que conectan con las familias<\/strong><\/p>\n\n\n\n<p>M\u00e1s all\u00e1 de la moda, Bulevar complementa su programaci\u00f3n con una oferta integral que combina entretenimiento, m\u00fasica, gastronom\u00eda y cultura. Es as\u00ed como el 9 y 10 de mayo se contar\u00e1 con una agenda musical con presentaciones en vivo que ambientar\u00e1n la celebraci\u00f3n del D\u00eda de las Madres&nbsp;<\/p>\n\n\n\n<ul class=\"wp-block-list\">\n<li><strong>El S\u00e1bado 9 de mayo: prep\u00e1rese para vivir Bogot\u00e1 Despierta un <\/strong>\u00a0concierto de gran formato, gratuito para los visitantes, con Yo me llamo Jessi Uribe a las 6:00 p.m.<\/li>\n\n\n\n<li><strong>Domingo 10 de mayo:<\/strong> disfrute de m\u00fasica en vivo en la plazoleta de comidas y restaurantes, acompa\u00f1ada de entrega de rosas para las madres; el protagonista ser\u00e1 Yo\u00a0 me llamo Christian Nodal a las 3:00 p.m.\u00a0<\/li>\n<\/ul>\n\n\n\n<p>Estas actividades buscan convertir la visita al centro comercial en una experiencia memorable, donde la celebraci\u00f3n trasciende la compra y se transforma en un espacio de celebraci\u00f3n para las mam\u00e1s y sus familias.<\/p>\n\n\n\n<p><strong>Una temporada clave para el comercio<\/strong><\/p>\n\n\n\n<p>Con esta programaci\u00f3n, el Centro Comercial Bulevar se alinea con la din\u00e1mica del comercio nacional, apost\u00e1ndole a la generaci\u00f3n de valor para sus locatarios y a la creaci\u00f3n de experiencias que conectan con las emociones del consumidor.<\/p>\n\n\n\n<p><em>\u201cEn Bulevar entendemos que la moda es una categor\u00eda que moviliza profundamente a nuestra comunidad y a las madres, no solo de nuestro sector sino de toda Bogot\u00e1. Por eso, realizamos por cuarta vez nuestra Plataforma de Moda, un evento que ya se ha consolidado como un \u00edcono del centro comercial y una vitrina de tendencias y conexi\u00f3n. A esta apuesta se suman experiencias como el gran concierto y las diferentes actividades programadas durante el mes, con las que seguimos construyendo un espacio din\u00e1mico, relevante y pensado para vivir momentos memorables en comunidad\u201d<\/em>, concluy\u00f3 la gerente del Centro Comercial Bulevar.<\/p>\n\n\n\n<p><\/p>\n","protected":false},"excerpt":{"rendered":"<p>Bogot\u00e1, Colombia \u2013 abril de 2026. Con la llegada de mayo, mes en el que se celebra el D\u00eda de las Madres, el comercio en Colombia entra en una de sus temporadas m\u00e1s din\u00e1micas del a\u00f1o. Centros comerciales y marcas preparan una amplia agenda de actividades, promociones y experiencias orientadas a incentivar el consumo y&#8230;<\/p>\n","protected":false},"author":5,"featured_media":20790,"comment_status":"closed","ping_status":"closed","sticky":false,"template":"","format":"standard","meta":{"_FSMCFIC_featured_image_caption":"","_FSMCFIC_featured_image_nocaption":"","_FSMCFIC_featured_image_hide":"","footnotes":""},"categories":[22],"tags":[],"class_list":["post-20789","post","type-post","status-publish","format-standard","has-post-thumbnail","hentry","category-el_resto"],"_links":{"self":[{"href":"https:\/\/economiaconedmer.com\/economiaenserio\/wp-json\/wp\/v2\/posts\/20789","targetHints":{"allow":["GET"]}}],"collection":[{"href":"https:\/\/economiaconedmer.com\/economiaenserio\/wp-json\/wp\/v2\/posts"}],"about":[{"href":"https:\/\/economiaconedmer.com\/economiaenserio\/wp-json\/wp\/v2\/types\/post"}],"author":[{"embeddable":true,"href":"https:\/\/economiaconedmer.com\/economiaenserio\/wp-json\/wp\/v2\/users\/5"}],"replies":[{"embeddable":true,"href":"https:\/\/economiaconedmer.com\/economiaenserio\/wp-json\/wp\/v2\/comments?post=20789"}],"version-history":[{"count":1,"href":"https:\/\/economiaconedmer.com\/economiaenserio\/wp-json\/wp\/v2\/posts\/20789\/revisions"}],"predecessor-version":[{"id":20791,"href":"https:\/\/economiaconedmer.com\/economiaenserio\/wp-json\/wp\/v2\/posts\/20789\/revisions\/20791"}],"wp:featuredmedia":[{"embeddable":true,"href":"https:\/\/economiaconedmer.com\/economiaenserio\/wp-json\/wp\/v2\/media\/20790"}],"wp:attachment":[{"href":"https:\/\/economiaconedmer.com\/economiaenserio\/wp-json\/wp\/v2\/media?parent=20789"}],"wp:term":[{"taxonomy":"category","embeddable":true,"href":"https:\/\/economiaconedmer.com\/economiaenserio\/wp-json\/wp\/v2\/categories?post=20789"},{"taxonomy":"post_tag","embeddable":true,"href":"https:\/\/economiaconedmer.com\/economiaenserio\/wp-json\/wp\/v2\/tags?post=20789"}],"curies":[{"name":"wp","href":"https:\/\/api.w.org\/{rel}","templated":true}]}}