{"id":20778,"date":"2026-04-29T20:05:23","date_gmt":"2026-04-30T01:05:23","guid":{"rendered":"https:\/\/economiaconedmer.com\/economiaenserio\/?p=20778"},"modified":"2026-04-29T20:05:24","modified_gmt":"2026-04-30T01:05:24","slug":"asi-crece-el-negocio-de-la-belleza-en-colombia","status":"publish","type":"post","link":"https:\/\/economiaconedmer.com\/economiaenserio\/04\/29\/asi-crece-el-negocio-de-la-belleza-en-colombia\/el_resto\/2026\/","title":{"rendered":"As\u00ed crece el negocio de la belleza en Colombia"},"content":{"rendered":"\n<p><strong>Bogot\u00e1, abril 29 de 2026. <\/strong>En un mercado de belleza cada vez m\u00e1s din\u00e1mico, donde el cuidado personal concentra el 38 % de las ventas y el gasto promedio por persona alcanza los $250.000 pesos anuales seg\u00fan cifras de Sectorial y la ANDI respectivamente, Falabella lanza Beauty F, una propuesta estrat\u00e9gica dise\u00f1ada para consolidar su liderazgo en el sector.<\/p>\n\n\n\n<p>Con esta iniciativa, los clientes encontrar\u00e1n una cuidada selecci\u00f3n de las mejores marcas de belleza. El nuevo concepto re\u00fane una curadur\u00eda de 30 marcas que incluye desde firmas de lujo hasta los productos m\u00e1s virales del momento y nuevas incorporaciones exclusivas como Fenty Beauty, The Ordinary, entre otros, y productos de skincare coreano como Medicube.<\/p>\n\n\n\n<p>\u201cBeauty F es la materializaci\u00f3n del liderazgo que hemos construido en estas dos d\u00e9cadas en el pa\u00eds. Representa una nueva plataforma de crecimiento que nos permitir\u00e1 responder a un consumidor cada vez m\u00e1s exigente que busca personalizaci\u00f3n y novedad. A trav\u00e9s de una curadur\u00eda experta, traemos las marcas globales y locales m\u00e1s deseadas, haciendo realidad nuestra promesa de tener lo \u00faltimo, primero en Falabella\u201d, afirma Carolina Orozco, gerente de Negocios de Falabella.<\/p>\n\n\n\n<p>El despliegue de Beauty F inicia con aperturas en Bogot\u00e1, en la tienda de Falabella La Colina, y la ruta de expansi\u00f3n proyecta llevar este concepto a Unicentro Bogot\u00e1, Santaf\u00e9 Medell\u00edn y Buenavista Barranquilla, en los pr\u00f3ximos meses. \u201cCon esta apuesta, proyectamos crecimientos de doble d\u00edgito en la categor\u00eda para el cierre de a\u00f1o, reafirmando nuestro liderazgo como uno de los principales destinos de moda y belleza en el pa\u00eds\u00bb, concluy\u00f3 Orozco.<\/p>\n\n\n\n<p>Estos espacios han sido dise\u00f1ados para que los clientes puedan vivir una experiencia de aprendizaje previa a la compra, sean guiados por expertos y tengan acceso a las principales tendencias y productos virales del mercado.<\/p>\n\n\n\n<p>La propuesta Beauty F ser\u00e1 omnicanal, con un espacio dedicado en Falabella.com que integra la experiencia en tienda y digital. Como parte del lanzamiento, los clientes podr\u00e1n acceder a beneficios exclusivos a trav\u00e9s de la APP de Falabella.<\/p>\n","protected":false},"excerpt":{"rendered":"<p>Bogot\u00e1, abril 29 de 2026. En un mercado de belleza cada vez m\u00e1s din\u00e1mico, donde el cuidado personal concentra el 38 % de las ventas y el gasto promedio por persona alcanza los $250.000 pesos anuales seg\u00fan cifras de Sectorial y la ANDI respectivamente, Falabella lanza Beauty F, una propuesta estrat\u00e9gica dise\u00f1ada para consolidar su&#8230;<\/p>\n","protected":false},"author":5,"featured_media":20781,"comment_status":"closed","ping_status":"closed","sticky":false,"template":"","format":"standard","meta":{"_FSMCFIC_featured_image_caption":"","_FSMCFIC_featured_image_nocaption":"","_FSMCFIC_featured_image_hide":"","footnotes":""},"categories":[22],"tags":[],"class_list":["post-20778","post","type-post","status-publish","format-standard","has-post-thumbnail","hentry","category-el_resto"],"_links":{"self":[{"href":"https:\/\/economiaconedmer.com\/economiaenserio\/wp-json\/wp\/v2\/posts\/20778","targetHints":{"allow":["GET"]}}],"collection":[{"href":"https:\/\/economiaconedmer.com\/economiaenserio\/wp-json\/wp\/v2\/posts"}],"about":[{"href":"https:\/\/economiaconedmer.com\/economiaenserio\/wp-json\/wp\/v2\/types\/post"}],"author":[{"embeddable":true,"href":"https:\/\/economiaconedmer.com\/economiaenserio\/wp-json\/wp\/v2\/users\/5"}],"replies":[{"embeddable":true,"href":"https:\/\/economiaconedmer.com\/economiaenserio\/wp-json\/wp\/v2\/comments?post=20778"}],"version-history":[{"count":1,"href":"https:\/\/economiaconedmer.com\/economiaenserio\/wp-json\/wp\/v2\/posts\/20778\/revisions"}],"predecessor-version":[{"id":20782,"href":"https:\/\/economiaconedmer.com\/economiaenserio\/wp-json\/wp\/v2\/posts\/20778\/revisions\/20782"}],"wp:featuredmedia":[{"embeddable":true,"href":"https:\/\/economiaconedmer.com\/economiaenserio\/wp-json\/wp\/v2\/media\/20781"}],"wp:attachment":[{"href":"https:\/\/economiaconedmer.com\/economiaenserio\/wp-json\/wp\/v2\/media?parent=20778"}],"wp:term":[{"taxonomy":"category","embeddable":true,"href":"https:\/\/economiaconedmer.com\/economiaenserio\/wp-json\/wp\/v2\/categories?post=20778"},{"taxonomy":"post_tag","embeddable":true,"href":"https:\/\/economiaconedmer.com\/economiaenserio\/wp-json\/wp\/v2\/tags?post=20778"}],"curies":[{"name":"wp","href":"https:\/\/api.w.org\/{rel}","templated":true}]}}