{"id":20771,"date":"2026-04-29T19:40:29","date_gmt":"2026-04-30T00:40:29","guid":{"rendered":"https:\/\/economiaconedmer.com\/economiaenserio\/?p=20771"},"modified":"2026-04-29T19:44:50","modified_gmt":"2026-04-30T00:44:50","slug":"aseguramiento-voluntario-de-vehiculos-sigue-siendo-bajo-fasecolda","status":"publish","type":"post","link":"https:\/\/economiaconedmer.com\/economiaenserio\/04\/29\/aseguramiento-voluntario-de-vehiculos-sigue-siendo-bajo-fasecolda\/el_resto\/2026\/","title":{"rendered":"Aseguramiento voluntario de veh\u00edculos sigue siendo muy bajo, seg\u00fan Fasecolda"},"content":{"rendered":"\n<p><strong>Bogot\u00e1.<\/strong>\u00a0En la edici\u00f3n no. 12 de los Premios V\u00eda, iniciativa liderada por Fasecolda y Cesvi Colombia, se reconocieron a las marcas de veh\u00edculos que se destacan por ofrecer mejores condiciones para los usuarios en costos de reparaci\u00f3n, equipamiento en seguridad y experiencia de servicio posventa.<\/p>\n\n\n\n<p>Bajo el concepto\u00a0<em>\u201cHistorias que vale la pena contar\u201d,<\/em>\u00a0la premiaci\u00f3n puso en el centro al usuario y la importancia de contar con veh\u00edculos que no solo respondan en el camino, sino tambi\u00e9n en los momentos imprevistos.<\/p>\n\n\n\n<p>Esta edici\u00f3n fue un espacio para conocer y analizar el mercado automotor y asegurador actual. Se abordaron temas como movilidad sostenible, seguridad vehicular, el auge de las asistencias de conducci\u00f3n, aportando una mirada pr\u00e1ctica y cercana sobre c\u00f3mo estas variables impactan directamente a los usuarios.<\/p>\n\n\n\n<p>Gustavo Morales, presidente ejecutivo de Fasecolda explic\u00f3 que: \u201choy celebramos los valores que sostienen la promesa del seguro de autom\u00f3viles: proteger la vida, cuidar el patrimonio y generar confianza entre ciudadanos e industria. En el sector asegurador conocemos la realidad de las v\u00edas, pero tambi\u00e9n el impacto positivo de veh\u00edculos seguros, reparaciones eficientes y marcas que responden\u201d.<\/p>\n\n\n\n<p>Agreg\u00f3 que \u201cesta es la raz\u00f3n de los Premio V\u00eda, valorar a quienes entienden que un auto es un espacio de vida y responsabilidad. Evaluamos seguridad, costos de reparaci\u00f3n, servicio posventa y movilidad sostenible como pilares de una mejor experiencia para el usuario\u201d.<\/p>\n\n\n\n<p>En Colombia, el aseguramiento voluntario de veh\u00edculos sigue siendo bajo frente al tama\u00f1o del parque automotor: de los m\u00e1s de 21 millones de veh\u00edculos matriculados, apenas el 12% cuenta con este tipo de seguro, en un contexto de alta siniestralidad que dej\u00f3 m\u00e1s de 8.600 fallecidos y 9.143 veh\u00edculos hurtados en 2025. Aunque los riesgos asegurados se mantienen alrededor de 2,4 millones, la penetraci\u00f3n del seguro ha venido cayendo.<\/p>\n\n\n\n<p><\/p>\n","protected":false},"excerpt":{"rendered":"<p>Bogot\u00e1.\u00a0En la edici\u00f3n no. 12 de los Premios V\u00eda, iniciativa liderada por Fasecolda y Cesvi Colombia, se reconocieron a las marcas de veh\u00edculos que se destacan por ofrecer mejores condiciones para los usuarios en costos de reparaci\u00f3n, equipamiento en seguridad y experiencia de servicio posventa. Bajo el concepto\u00a0\u201cHistorias que vale la pena contar\u201d,\u00a0la premiaci\u00f3n puso&#8230;<\/p>\n","protected":false},"author":5,"featured_media":20772,"comment_status":"closed","ping_status":"closed","sticky":false,"template":"","format":"standard","meta":{"_FSMCFIC_featured_image_caption":"","_FSMCFIC_featured_image_nocaption":"","_FSMCFIC_featured_image_hide":"","footnotes":""},"categories":[22],"tags":[],"class_list":["post-20771","post","type-post","status-publish","format-standard","has-post-thumbnail","hentry","category-el_resto"],"_links":{"self":[{"href":"https:\/\/economiaconedmer.com\/economiaenserio\/wp-json\/wp\/v2\/posts\/20771","targetHints":{"allow":["GET"]}}],"collection":[{"href":"https:\/\/economiaconedmer.com\/economiaenserio\/wp-json\/wp\/v2\/posts"}],"about":[{"href":"https:\/\/economiaconedmer.com\/economiaenserio\/wp-json\/wp\/v2\/types\/post"}],"author":[{"embeddable":true,"href":"https:\/\/economiaconedmer.com\/economiaenserio\/wp-json\/wp\/v2\/users\/5"}],"replies":[{"embeddable":true,"href":"https:\/\/economiaconedmer.com\/economiaenserio\/wp-json\/wp\/v2\/comments?post=20771"}],"version-history":[{"count":2,"href":"https:\/\/economiaconedmer.com\/economiaenserio\/wp-json\/wp\/v2\/posts\/20771\/revisions"}],"predecessor-version":[{"id":20774,"href":"https:\/\/economiaconedmer.com\/economiaenserio\/wp-json\/wp\/v2\/posts\/20771\/revisions\/20774"}],"wp:featuredmedia":[{"embeddable":true,"href":"https:\/\/economiaconedmer.com\/economiaenserio\/wp-json\/wp\/v2\/media\/20772"}],"wp:attachment":[{"href":"https:\/\/economiaconedmer.com\/economiaenserio\/wp-json\/wp\/v2\/media?parent=20771"}],"wp:term":[{"taxonomy":"category","embeddable":true,"href":"https:\/\/economiaconedmer.com\/economiaenserio\/wp-json\/wp\/v2\/categories?post=20771"},{"taxonomy":"post_tag","embeddable":true,"href":"https:\/\/economiaconedmer.com\/economiaenserio\/wp-json\/wp\/v2\/tags?post=20771"}],"curies":[{"name":"wp","href":"https:\/\/api.w.org\/{rel}","templated":true}]}}