{"id":20761,"date":"2026-04-28T20:32:14","date_gmt":"2026-04-29T01:32:14","guid":{"rendered":"https:\/\/economiaconedmer.com\/economiaenserio\/?p=20761"},"modified":"2026-04-28T20:32:14","modified_gmt":"2026-04-29T01:32:14","slug":"llega-la-rueda-electrica-fest","status":"publish","type":"post","link":"https:\/\/economiaconedmer.com\/economiaenserio\/04\/28\/llega-la-rueda-electrica-fest\/el_resto\/2026\/","title":{"rendered":"Llega la Rueda El\u00e9ctrica FEST"},"content":{"rendered":"\n<p><strong>Bogot\u00e1, abril de 2026. <\/strong>La movilidad el\u00e9ctrica en Colombia atraviesa un momento de expansi\u00f3n acelerada. Seg\u00fan ANDI y Fenalco, entre enero y marzo de 2026 el pa\u00eds registr\u00f3 73.659 veh\u00edculos nuevos, el mejor arranque de a\u00f1o del sector automotor desde 2012, y dentro de ese comportamiento las nuevas tecnolog\u00edas ganan cada vez m\u00e1s protagonismo: solo en marzo se matricularon 5.083 veh\u00edculos el\u00e9ctricos, con un crecimiento de 267% frente al mismo mes de 2025, mientras los h\u00edbridos alcanzaron 7.631 unidades, con un alza de 72,3%. Esa din\u00e1mica se suma a la tendencia de 2025, cuando Colombia matricul\u00f3 19.724 el\u00e9ctricos y 67.899 h\u00edbridos, y coincide con un ecosistema que tambi\u00e9n sigue avanzando en infraestructura, con 229 estaciones de carga p\u00fablica, 401 cargadores y 746 conectores registrados a octubre del a\u00f1o pasado.<\/p>\n\n\n\n<p>En ese escenario, llega Rueda El\u00e9ctrica Fest, el primer festival de movilidad el\u00e9ctrica en Colombia, creado para llevar esta transformaci\u00f3n del dato a la experiencia. M\u00e1s que un evento, es un espacio donde las personas pueden ver, entender y vivir de cerca c\u00f3mo la movilidad el\u00e9ctrica est\u00e1 redefiniendo la forma de moverse en las ciudades. Del 7 al 10 de mayo, Unicentro Bogot\u00e1 reunir\u00e1 en un mismo espacio marcas, expertos y p\u00fablico general para convertir la conversaci\u00f3n sobre movilidad el\u00e9ctrica en una experiencia cercana, \u00fatil y conectada con la vida cotidiana. La relevancia del festival est\u00e1 justamente en ese punto: traducir un crecimiento de mercado en una vivencia concreta que ayude a entender mejor las tecnolog\u00edas, comparar alternativas y facilitar decisiones de uso y compra.&nbsp;<\/p>\n\n\n\n<p>Con entrada gratuita, Rueda El\u00e9ctrica Fest integrar\u00e1 alternativas de macro y micro movilidad, desde veh\u00edculos el\u00e9ctricos e h\u00edbridos hasta motos, scooters y bicicletas el\u00e9ctricas. La agenda reunir\u00e1 una muestra de veh\u00edculos y soluciones de movilidad de cerca de 20 marcas como Chevrolet, Deepal, Changan, MG, Chery, Mazda, Volvo, Ford, Kia, Foton, Dongfeng, Riddara, Urban, GAC y&nbsp; Minca, adem\u00e1s de espacios de conversaci\u00f3n, activaciones y experiencias en vivo.<\/p>\n\n\n\n<p>Entre sus contenidos se destaca el videopodcast <em>Energ\u00eda sobre Ruedas<\/em>, un espacio que acerca la conversaci\u00f3n sobre movilidad el\u00e9ctrica de forma clara, \u00fatil y relevante. A trav\u00e9s de episodios con expertos y l\u00edderes del sector, se abordan de manera integral los principales cambios en la movilidad, incluyendo la evoluci\u00f3n de la industria, la tecnolog\u00eda, la infraestructura y los nuevos h\u00e1bitos de las personas. El contenido integra temas clave como electrificaci\u00f3n, sostenibilidad y seguridad vial, conectando estos avances con su impacto en la vida cotidiana. M\u00e1s all\u00e1 de los veh\u00edculos, el videopodcast ofrece una mirada al ecosistema completo de una movilidad m\u00e1s consciente, eficiente y alineada con los desaf\u00edos actuales y futuros.&nbsp;<\/p>\n\n\n\n<p><em>\u201cColombia ya muestra una aceleraci\u00f3n muy clara en movilidad el\u00e9ctrica y eso abre una oportunidad enorme para acercar la conversaci\u00f3n al ciudadano de una manera m\u00e1s pr\u00e1ctica. Rueda El\u00e9ctrica Fest surge justamente con ese prop\u00f3sito: crear un espacio donde las personas puedan ver de cerca esta transformaci\u00f3n, entender c\u00f3mo funciona, comparar opciones y conectar la tecnolog\u00eda con su vida diaria\u201d, <\/em>afirm\u00f3 <strong>Jos\u00e9 Rey, fundador de Rueda<\/strong> <strong>El\u00e9ctrica Fest<\/strong>.<\/p>\n\n\n\n<p>La expansi\u00f3n de la movilidad el\u00e9ctrica tambi\u00e9n plantea una conversaci\u00f3n m\u00e1s amplia sobre sostenibilidad, transformaci\u00f3n urbana y corresponsabilidad. Su adopci\u00f3n depende de la oferta de veh\u00edculos, pero tambi\u00e9n de la infraestructura, la educaci\u00f3n del consumidor, la articulaci\u00f3n p\u00fablico-privada y la capacidad de acercar estas tecnolog\u00edas a contextos reales de uso.&nbsp;<\/p>\n\n\n\n<p><em>\u201cUna de las estrategias para lograr los objetivos del pa\u00eds frente a la disminuci\u00f3n de los&nbsp; Gases de Efecto Invernadero (GEI), es lograr la descarbonizaci\u00f3n del transporte y lograr una movilidad sostenible, por eso desde CECODES impulsamos la hoja de ruta la Visi\u00f3n 2050 Colombia, en su camino de transformaci\u00f3n de transporte y movilidad sostenible, por lo cual celebramos el evento Rueda El\u00e9ctrica FEST para fortalecer la articulaci\u00f3n de los diferentes actores y de esta manera impulsar la infraestructura y una cultura ciudadana para transformar la movilidad en el pa\u00eds\u201d<\/em>, se\u00f1al\u00f3 <strong>Sergio Rengifo Caicedo, Director Ejecutivo de CECODES<\/strong>.<\/p>\n\n\n\n<p>La elecci\u00f3n de Unicentro Bogot\u00e1 como sede del Festival de Movilidad El\u00e9ctrica responde a una visi\u00f3n de ciudad que el centro comercial viene consolidando como parte de su evoluci\u00f3n. En 2026, Unicentro fortalece su rol como un actor activo en la transformaci\u00f3n urbana, integrando sostenibilidad, innovaci\u00f3n y bienestar en su operaci\u00f3n y en la experiencia de quienes lo visitan. Iniciativas como la implementaci\u00f3n de sistemas de energ\u00eda solar, aprovechamiento de agua lluvia, gesti\u00f3n integral de residuos y el desarrollo del Distrito Cultural, un espacio de 9.000 m\u00b2 concebido como un nuevo punto de encuentro para la cultura, la gastronom\u00eda y el espacio p\u00fablico,&nbsp; evidencian este compromiso con una ciudad m\u00e1s consciente y conectada.<\/p>\n\n\n\n<p><em>\u201cPara Unicentro Bogot\u00e1, ser escenario de este tipo de iniciativas significa llevar las conversaciones de futuro al presente de las personas. La movilidad el\u00e9ctrica ya no es una tendencia lejana, sino una realidad que se integra a la vida cotidiana y a la forma en que habitamos la ciudad. Desde nuestro rol, buscamos facilitar estos encuentros entre innovaci\u00f3n, ciudadan\u00eda y experiencia, aportando a una agenda de ciudad que prioriza la sostenibilidad y el bienestar\u201d<\/em>, se\u00f1al\u00f3 <strong>Camilo \u00c1ngel, Gerente General de Unicentro Bogot\u00e1.<\/strong><\/p>\n\n\n\n<p>M\u00e1s que una vitrina comercial, Rueda El\u00e9ctrica Fest busca consolidarse como un punto de encuentro entre industria, ciudadan\u00eda y conversaci\u00f3n p\u00fablica. En un mercado que acelera su crecimiento y ampl\u00eda su oferta, el festival propone un formato capaz de conectar tecnolog\u00eda, experiencia y pedagog\u00eda en un espacio cotidiano, abierto y familiar, llevando la movilidad el\u00e9ctrica a un terreno cada vez m\u00e1s cercano para el consumidor colombiano.<\/p>\n\n\n\n<p><strong>Sobre Rueda El\u00e9ctrica Fest<\/strong><\/p>\n\n\n\n<p><strong>Rueda El\u00e9ctrica Fest<\/strong> es una plataforma de experiencia y conversaci\u00f3n sobre movilidad el\u00e9ctrica en Colombia, creada para acercar a los ciudadanos a las nuevas formas de moverse a trav\u00e9s de informaci\u00f3n, pedagog\u00eda, interacci\u00f3n y entretenimiento. Su propuesta combina exhibici\u00f3n de marcas, agenda de contenidos, experiencias en vivo y espacios de aprendizaje para impulsar una adopci\u00f3n m\u00e1s informada de la movilidad el\u00e9ctrica. En 2026 celebrar\u00e1 su edici\u00f3n en Bogot\u00e1, con proyecci\u00f3n de expansi\u00f3n y articulaci\u00f3n con su ecosistema de contenidos alrededor del sector.<\/p>\n","protected":false},"excerpt":{"rendered":"<p>Bogot\u00e1, abril de 2026. La movilidad el\u00e9ctrica en Colombia atraviesa un momento de expansi\u00f3n acelerada. Seg\u00fan ANDI y Fenalco, entre enero y marzo de 2026 el pa\u00eds registr\u00f3 73.659 veh\u00edculos nuevos, el mejor arranque de a\u00f1o del sector automotor desde 2012, y dentro de ese comportamiento las nuevas tecnolog\u00edas ganan cada vez m\u00e1s protagonismo: solo&#8230;<\/p>\n","protected":false},"author":5,"featured_media":20762,"comment_status":"closed","ping_status":"closed","sticky":false,"template":"","format":"standard","meta":{"_FSMCFIC_featured_image_caption":"","_FSMCFIC_featured_image_nocaption":"","_FSMCFIC_featured_image_hide":"","footnotes":""},"categories":[22],"tags":[],"class_list":["post-20761","post","type-post","status-publish","format-standard","has-post-thumbnail","hentry","category-el_resto"],"_links":{"self":[{"href":"https:\/\/economiaconedmer.com\/economiaenserio\/wp-json\/wp\/v2\/posts\/20761","targetHints":{"allow":["GET"]}}],"collection":[{"href":"https:\/\/economiaconedmer.com\/economiaenserio\/wp-json\/wp\/v2\/posts"}],"about":[{"href":"https:\/\/economiaconedmer.com\/economiaenserio\/wp-json\/wp\/v2\/types\/post"}],"author":[{"embeddable":true,"href":"https:\/\/economiaconedmer.com\/economiaenserio\/wp-json\/wp\/v2\/users\/5"}],"replies":[{"embeddable":true,"href":"https:\/\/economiaconedmer.com\/economiaenserio\/wp-json\/wp\/v2\/comments?post=20761"}],"version-history":[{"count":1,"href":"https:\/\/economiaconedmer.com\/economiaenserio\/wp-json\/wp\/v2\/posts\/20761\/revisions"}],"predecessor-version":[{"id":20763,"href":"https:\/\/economiaconedmer.com\/economiaenserio\/wp-json\/wp\/v2\/posts\/20761\/revisions\/20763"}],"wp:featuredmedia":[{"embeddable":true,"href":"https:\/\/economiaconedmer.com\/economiaenserio\/wp-json\/wp\/v2\/media\/20762"}],"wp:attachment":[{"href":"https:\/\/economiaconedmer.com\/economiaenserio\/wp-json\/wp\/v2\/media?parent=20761"}],"wp:term":[{"taxonomy":"category","embeddable":true,"href":"https:\/\/economiaconedmer.com\/economiaenserio\/wp-json\/wp\/v2\/categories?post=20761"},{"taxonomy":"post_tag","embeddable":true,"href":"https:\/\/economiaconedmer.com\/economiaenserio\/wp-json\/wp\/v2\/tags?post=20761"}],"curies":[{"name":"wp","href":"https:\/\/api.w.org\/{rel}","templated":true}]}}