{"id":20753,"date":"2026-04-28T20:20:57","date_gmt":"2026-04-29T01:20:57","guid":{"rendered":"https:\/\/economiaconedmer.com\/economiaenserio\/?p=20753"},"modified":"2026-04-28T20:25:57","modified_gmt":"2026-04-29T01:25:57","slug":"frenan-traslado-de-ahorros-de-fondos-privados-a-colpensiones","status":"publish","type":"post","link":"https:\/\/economiaconedmer.com\/economiaenserio\/04\/28\/frenan-traslado-de-ahorros-de-fondos-privados-a-colpensiones\/el_bolsillo\/2026\/","title":{"rendered":"Frenan traslado de ahorros de fondos privados a  Colpensiones"},"content":{"rendered":"\n<p>La decisi\u00f3n del Gobierno de expedir decretos que le generan recursos mientras los tribunales que examinan su legalidad emiten sus fallos, est\u00e1n quedando sin pie. El Consejo de Estado dijo que los fondos privados de pensiones no deben trasladar los 25 billones de pesos que el Gobierno del presidente Gustavo Petro reclam\u00f3 por decreto.<\/p>\n\n\n\n<p>El alto tribunal determin\u00f3 la suspensi\u00f3n de la efectividad del decreto, y asegur\u00f3 que es necesario esperar hasta cuando se tome una decisi\u00f3n definitiva sobre la legalidad de la solicitud presentada por el Ministerio de Hacienda, que pretend\u00eda generar caja para Colpensiones, como ente administrador de los recursos del r\u00e9gimen de prima media.<\/p>\n\n\n\n<p>Seg\u00fan lo explicado recientemente por el presidente de Colpensiones, Jaime Duss\u00e1n, los recursos solicitados son aquellos ahorros de unas 23.000 personas que aprovecharon la ventana aprobada en la Ley aprobada en el Congreso,  que se trasladaron a Colpensiones, y se pensionaron recientemente con el organismo estatal.<\/p>\n\n\n\n<p>\u00abEsa plata la debe manejar Colpensiones porque son los ahorros de personas que ya se jubilaron, y les estamos pagando cumplidamente sus mesadas\u00bb, dijo Duss\u00e1n.<\/p>\n\n\n\n<p>La decisi\u00f3n del Consejo de Estado implica que el Gobierno no podr\u00e1 contar con esos recursos, hasta tanto se emita un fallo en firme.<\/p>\n\n\n\n<p><\/p>\n","protected":false},"excerpt":{"rendered":"<p>La decisi\u00f3n del Gobierno de expedir decretos que le generan recursos mientras los tribunales que examinan su legalidad emiten sus fallos, est\u00e1n quedando sin pie. El Consejo de Estado dijo que los fondos privados de pensiones no deben trasladar los 25 billones de pesos que el Gobierno del presidente Gustavo Petro reclam\u00f3 por decreto. El&#8230;<\/p>\n","protected":false},"author":5,"featured_media":20757,"comment_status":"closed","ping_status":"closed","sticky":false,"template":"","format":"standard","meta":{"_FSMCFIC_featured_image_caption":"","_FSMCFIC_featured_image_nocaption":"","_FSMCFIC_featured_image_hide":"","footnotes":""},"categories":[2],"tags":[],"class_list":["post-20753","post","type-post","status-publish","format-standard","has-post-thumbnail","hentry","category-el_bolsillo"],"_links":{"self":[{"href":"https:\/\/economiaconedmer.com\/economiaenserio\/wp-json\/wp\/v2\/posts\/20753","targetHints":{"allow":["GET"]}}],"collection":[{"href":"https:\/\/economiaconedmer.com\/economiaenserio\/wp-json\/wp\/v2\/posts"}],"about":[{"href":"https:\/\/economiaconedmer.com\/economiaenserio\/wp-json\/wp\/v2\/types\/post"}],"author":[{"embeddable":true,"href":"https:\/\/economiaconedmer.com\/economiaenserio\/wp-json\/wp\/v2\/users\/5"}],"replies":[{"embeddable":true,"href":"https:\/\/economiaconedmer.com\/economiaenserio\/wp-json\/wp\/v2\/comments?post=20753"}],"version-history":[{"count":1,"href":"https:\/\/economiaconedmer.com\/economiaenserio\/wp-json\/wp\/v2\/posts\/20753\/revisions"}],"predecessor-version":[{"id":20755,"href":"https:\/\/economiaconedmer.com\/economiaenserio\/wp-json\/wp\/v2\/posts\/20753\/revisions\/20755"}],"wp:featuredmedia":[{"embeddable":true,"href":"https:\/\/economiaconedmer.com\/economiaenserio\/wp-json\/wp\/v2\/media\/20757"}],"wp:attachment":[{"href":"https:\/\/economiaconedmer.com\/economiaenserio\/wp-json\/wp\/v2\/media?parent=20753"}],"wp:term":[{"taxonomy":"category","embeddable":true,"href":"https:\/\/economiaconedmer.com\/economiaenserio\/wp-json\/wp\/v2\/categories?post=20753"},{"taxonomy":"post_tag","embeddable":true,"href":"https:\/\/economiaconedmer.com\/economiaenserio\/wp-json\/wp\/v2\/tags?post=20753"}],"curies":[{"name":"wp","href":"https:\/\/api.w.org\/{rel}","templated":true}]}}