{"id":20747,"date":"2026-04-28T19:36:00","date_gmt":"2026-04-29T00:36:00","guid":{"rendered":"https:\/\/economiaconedmer.com\/economiaenserio\/?p=20747"},"modified":"2026-04-28T19:36:01","modified_gmt":"2026-04-29T00:36:01","slug":"la-transicion-energetica-ya-muestra-resultados","status":"publish","type":"post","link":"https:\/\/economiaconedmer.com\/economiaenserio\/04\/28\/la-transicion-energetica-ya-muestra-resultados\/el_resto\/2026\/","title":{"rendered":"La transici\u00f3n energ\u00e9tica ya muestra resultados"},"content":{"rendered":"\n<p><strong>Bogot\u00e1, abril 28 de 2026.<\/strong> La capacidad instalada de energ\u00edas renovables no convencionales ha crecido de manera exponencial en los \u00faltimos a\u00f1os, consolidando un cambio estructural en la matriz energ\u00e9tica del pa\u00eds.<\/p>\n\n\n\n<p>\u201cColombia est\u00e1 en un punto de no retorno en su transici\u00f3n energ\u00e9tica. Hoy contamos con m\u00e1s de 4 gigavatios instalados en fuentes no convencionales, lo que refleja un crecimiento significativo. Estas son cifras tangibles que evidencian c\u00f3mo se ha multiplicado la capacidad instalada en los \u00faltimos a\u00f1os y c\u00f3mo&nbsp;<strong>la transici\u00f3n energ\u00e9tica ya es una realidad que exige mantener el impulso para seguir superando los retos del sector\u201d<\/strong>, afirm\u00f3 V\u00edctor Jos\u00e9 Paternina, viceministro de Energ\u00eda.<\/p>\n\n\n\n<p>La agenda del evento incluye debates sobre financiaci\u00f3n de proyectos en mercados vol\u00e1tiles, inteligencia artificial aplicada al sector, licenciamiento \u00e1gil, comunidades energ\u00e9ticas y confiabilidad de sistemas con alta penetraci\u00f3n de energ\u00edas renovables.<\/p>\n\n\n\n<p>En paralelo, la muestra comercial y la rueda de negocios se consolidan como espacios clave para dinamizar inversiones, fortalecer alianzas y acelerar proyectos en toda la cadena de valor del sector.<\/p>\n\n\n\n<p>En un contexto de alta presi\u00f3n sobre la demanda energ\u00e9tica, el mensaje central del encuentro es claro: la transici\u00f3n no depende de una sola fuente, sino de la capacidad de integrar todas las tecnolog\u00edas disponibles para garantizar energ\u00eda suficiente, confiable y competitiva para el pa\u00eds.<\/p>\n","protected":false},"excerpt":{"rendered":"<p>Bogot\u00e1, abril 28 de 2026. La capacidad instalada de energ\u00edas renovables no convencionales ha crecido de manera exponencial en los \u00faltimos a\u00f1os, consolidando un cambio estructural en la matriz energ\u00e9tica del pa\u00eds. \u201cColombia est\u00e1 en un punto de no retorno en su transici\u00f3n energ\u00e9tica. Hoy contamos con m\u00e1s de 4 gigavatios instalados en fuentes no&#8230;<\/p>\n","protected":false},"author":5,"featured_media":20748,"comment_status":"closed","ping_status":"closed","sticky":false,"template":"","format":"standard","meta":{"_FSMCFIC_featured_image_caption":"","_FSMCFIC_featured_image_nocaption":"","_FSMCFIC_featured_image_hide":"","footnotes":""},"categories":[22],"tags":[],"class_list":["post-20747","post","type-post","status-publish","format-standard","has-post-thumbnail","hentry","category-el_resto"],"_links":{"self":[{"href":"https:\/\/economiaconedmer.com\/economiaenserio\/wp-json\/wp\/v2\/posts\/20747","targetHints":{"allow":["GET"]}}],"collection":[{"href":"https:\/\/economiaconedmer.com\/economiaenserio\/wp-json\/wp\/v2\/posts"}],"about":[{"href":"https:\/\/economiaconedmer.com\/economiaenserio\/wp-json\/wp\/v2\/types\/post"}],"author":[{"embeddable":true,"href":"https:\/\/economiaconedmer.com\/economiaenserio\/wp-json\/wp\/v2\/users\/5"}],"replies":[{"embeddable":true,"href":"https:\/\/economiaconedmer.com\/economiaenserio\/wp-json\/wp\/v2\/comments?post=20747"}],"version-history":[{"count":1,"href":"https:\/\/economiaconedmer.com\/economiaenserio\/wp-json\/wp\/v2\/posts\/20747\/revisions"}],"predecessor-version":[{"id":20749,"href":"https:\/\/economiaconedmer.com\/economiaenserio\/wp-json\/wp\/v2\/posts\/20747\/revisions\/20749"}],"wp:featuredmedia":[{"embeddable":true,"href":"https:\/\/economiaconedmer.com\/economiaenserio\/wp-json\/wp\/v2\/media\/20748"}],"wp:attachment":[{"href":"https:\/\/economiaconedmer.com\/economiaenserio\/wp-json\/wp\/v2\/media?parent=20747"}],"wp:term":[{"taxonomy":"category","embeddable":true,"href":"https:\/\/economiaconedmer.com\/economiaenserio\/wp-json\/wp\/v2\/categories?post=20747"},{"taxonomy":"post_tag","embeddable":true,"href":"https:\/\/economiaconedmer.com\/economiaenserio\/wp-json\/wp\/v2\/tags?post=20747"}],"curies":[{"name":"wp","href":"https:\/\/api.w.org\/{rel}","templated":true}]}}