{"id":20738,"date":"2026-04-27T21:09:25","date_gmt":"2026-04-28T02:09:25","guid":{"rendered":"https:\/\/economiaconedmer.com\/economiaenserio\/?p=20738"},"modified":"2026-04-27T21:13:06","modified_gmt":"2026-04-28T02:13:06","slug":"unergy-primera-comunidad-energetica-en-red-de-epm","status":"publish","type":"post","link":"https:\/\/economiaconedmer.com\/economiaenserio\/04\/27\/unergy-primera-comunidad-energetica-en-red-de-epm\/el_resto\/2026\/","title":{"rendered":"Unergy, primera comunidad energ\u00e9tica en EPM"},"content":{"rendered":"\n<p><strong>Bogot\u00e1, 27 de abril de 2026. <\/strong>Unergy, la empresa generadora de energ\u00eda independiente que lidera la gesti\u00f3n de m\u00e1s de 50 Minigranjas solares en el pa\u00eds, puso en operaci\u00f3n la primera comunidad energ\u00e9tica tras la entrada en vigor de la Resoluci\u00f3n CREG 101 072 de 2025, la normativa espec\u00edfica que habilita a usuarios residenciales y comerciales a producir, compartir y consumir energ\u00eda renovable de manera colectiva.<\/p>\n\n\n\n<p>Ubicada en el barrio Laureles de Medell\u00edn, la comunidad, registrada como Autogenerador Colectivo, re\u00fane a un grupo de vecinos que reciben los excedentes de los autogeneradores solares que Unergy genera en los paneles instalados en sus propias oficinas, con una producci\u00f3n promedio de1.150 kWh al mes. Los usuarios est\u00e1n conectados a Empresas P\u00fablicas de Medell\u00edn (EPM) como operador de red y comercializador, y no necesitan paneles solares propios ya que se benefician de la energ\u00eda solar compartida a trav\u00e9s de la red de EPM con ahorros en su factura y sin inversi\u00f3n en infraestructura.<\/p>\n\n\n\n<p>Al acceso a energ\u00eda renovable se suma un componente de digitalizaci\u00f3n que distingue a esta comunidad: los usuarios cuentan con medici\u00f3n inteligente, gestionada y reemplazada sin costo por Unergy, junto con una aplicaci\u00f3n m\u00f3vil de seguimiento que les permite a los usuarios monitorear su consumo y tomar decisiones informadas sobre su energ\u00eda. Con ello, se convierte en la primera vez que un grupo de usuarios residenciales en Colombia accede a este nivel de digitalizaci\u00f3n energ\u00e9tica dentro de un esquema de comunidad regulada.<\/p>\n\n\n\n<p>El hito llega casi un a\u00f1o despu\u00e9s de la publicaci\u00f3n de la normativa, en un momento en el que, seg\u00fan la Unidad de Planeaci\u00f3n Minero Energ\u00e9tica (UPME), el pa\u00eds cuenta con cerca de 1.600 MW de energ\u00eda solar en operaci\u00f3n y m\u00e1s de 3 GW de capacidad instalada en fuentes no convencionales, cifras que representan m\u00e1s del 10 % de la matriz el\u00e9ctrica nacional. A pesar de ese avance, hasta ahora ninguna comunidad energ\u00e9tica hab\u00eda completado el proceso integral de implementaci\u00f3n bajo la nueva resoluci\u00f3n, desde el registro como Autogenerador Colectivo hasta la operaci\u00f3n con medici\u00f3n inteligente y gesti\u00f3n de excedentes.<\/p>\n\n\n\n<p><em>\u201cNuestros vecinos siempre tuvieron inter\u00e9s en beneficiarse de los paneles que ve\u00edan en nuestros techos. Este barrio nos recibi\u00f3, nos vio crecer, y cuando la regulaci\u00f3n finalmente lo permiti\u00f3, supimos que la primera comunidad que quer\u00edamos construir era para quienes nos han acompa\u00f1ado. Hoy esa energ\u00eda que generamos en nuestras oficinas llega directamente a los hogares de nuestros vecinos con ahorros en la factura\u201d<\/em>, afirm\u00f3 Eduardo Ospina, cofundador y CEO de Unergy.<\/p>\n\n\n\n<p><strong>Un modelo probado que Colombia empieza a construir<\/strong><\/p>\n\n\n\n<p>Las comunidades energ\u00e9ticas son esquemas colectivos en los que un grupo de usuarios se organizan para producir, compartir y gestionar energ\u00eda renovable de manera conjunta, lo que en t\u00e9rminos pr\u00e1cticos significa que un grupo de vecinos puede beneficiarse de paneles solares compartidos y obtener ahorros en su factura sin necesidad de instalar paneles en su propia vivienda o local comercial. En el caso de Laureles, el modelo integra tres elementos: el uso de activos de generaci\u00f3n solar existentes, medici\u00f3n inteligente con plataformas digitales y estrategias de gesti\u00f3n de demanda basadas en anal\u00edtica de datos.<\/p>\n\n\n\n<p>El concepto tiene amplio recorrido en otros mercados. En Europa, la Uni\u00f3n Europea registra m\u00e1s de 1.900 comunidades energ\u00e9ticas activas con la participaci\u00f3n de m\u00e1s de 1,2 millones de ciudadanos, mientras que en Am\u00e9rica Latina el referente m\u00e1s contundente es Brasil: desde que la Agencia Nacional de Energ\u00eda El\u00e9ctrica (ANEEL) public\u00f3 la Resoluci\u00f3n Normativa 482 en 2012 y ampli\u00f3 el marco para generaci\u00f3n compartida en 2015, el pa\u00eds construy\u00f3 uno de los mercados de generaci\u00f3n distribuida m\u00e1s grandes del mundo. A la fecha, Brasil cuenta con un mercado valorado en <strong>USD <\/strong>500.000 millones en comunidades energ\u00e9ticas y USD 1.000 millones en generadores, redefiniendo la manera en que millones de personas acceden a la energ\u00eda.\u00a0<\/p>\n\n\n\n<p>Colombia, sin embargo, parte de una realidad distinta, con infraestructura el\u00e9ctrica heterog\u00e9nea, usuarios con baja apropiaci\u00f3n digital del consumo energ\u00e9tico y operadores de red que apenas comienzan a adaptar sus procesos a la nueva normativa. En ese contexto, llevar una comunidad energ\u00e9tica a la operaci\u00f3n real con todos sus pasos regulatorios, t\u00e9cnicos y comerciales tiene un peso que no puede leerse solo con los par\u00e1metros de otros mercados.<\/p>\n\n\n\n<p><em>\u201cColombia ya demostr\u00f3 que puede atraer grandes proyectos renovables. El siguiente paso es que la transici\u00f3n energ\u00e9tica tambi\u00e9n se construya desde los barrios. Esta comunidad prueba que es posible compartir energ\u00eda solar de manera legal, medible y transparente, integrando tecnolog\u00eda, regulaci\u00f3n y participaci\u00f3n ciudadana en un mismo modelo\u201d<\/em>, se\u00f1al\u00f3 Juanita Giraldo, l\u00edder de Comunidades Energ\u00e9ticas de Unergy.<\/p>\n\n\n\n<p><strong>La primera comunidad energ\u00e9tica regulada de EPM<\/strong><\/p>\n\n\n\n<p>La participaci\u00f3n de EPM fue determinante para la viabilidad del proyecto, ya que las mesas de trabajo entre Unergy y el operador de red permitieron adaptar los procesos operativos a los requerimientos de la nueva regulaci\u00f3n, generando aprendizajes que servir\u00e1n de referencia para futuras iniciativas en todo el pa\u00eds. Con esta operaci\u00f3n, EPM activa su primera comunidad energ\u00e9tica regulada como operador de red, un paso que valida la capacidad del sistema el\u00e9ctrico colombiano para escalar este tipo de esquemas.<\/p>\n\n\n\n<p><strong>Un precedente que abre una nueva etapa<\/strong><\/p>\n\n\n\n<p>En un contexto donde la capacidad instalada de energ\u00edas renovables en Colombia se ha multiplicado por 15 frente a 2018, seg\u00fan cifras del Ministerio de Minas y Energ\u00eda y la Asociaci\u00f3n de Energ\u00edas Renovables Colombia (SER Colombia), la comunidad de Laureles ampl\u00eda el alcance de la transici\u00f3n energ\u00e9tica hacia esquemas m\u00e1s descentralizados y participativos, apoyados en tecnolog\u00eda como la plataforma desarrollada por Unergy, que permite a los usuarios entender su consumo, visualizar los beneficios y participar activamente en la gesti\u00f3n energ\u00e9tica de su comunidad.<\/p>\n\n\n\n<p>El potencial de crecimiento del modelo es significativo. Seg\u00fan estimaciones del sector, Colombia podr\u00eda contar con m\u00e1s de 100 comunidades energ\u00e9ticas en operaci\u00f3n en el pr\u00f3ximo a\u00f1o, un crecimiento que depender\u00e1 de la velocidad con la que operadores de red, empresas y comunidades adopten el marco regulatorio que esta primera experiencia ya valid\u00f3.<\/p>\n\n\n\n<p><em>\u201cEste primer paso demuestra que el modelo funciona y que es replicable. La regulaci\u00f3n ya est\u00e1 lista, la tecnolog\u00eda existe y desde Unergy vamos a seguir abriendo este camino para que emprendimientos, personas y empresas puedan beneficiarse de la generaci\u00f3n de energ\u00eda renovable en sus comunidades.\u201d<\/em><strong>, concluy\u00f3 Ospina.<\/strong><\/p>\n\n\n\n<p><\/p>\n","protected":false},"excerpt":{"rendered":"<p>Bogot\u00e1, 27 de abril de 2026. Unergy, la empresa generadora de energ\u00eda independiente que lidera la gesti\u00f3n de m\u00e1s de 50 Minigranjas solares en el pa\u00eds, puso en operaci\u00f3n la primera comunidad energ\u00e9tica tras la entrada en vigor de la Resoluci\u00f3n CREG 101 072 de 2025, la normativa espec\u00edfica que habilita a usuarios residenciales y&#8230;<\/p>\n","protected":false},"author":5,"featured_media":20741,"comment_status":"closed","ping_status":"closed","sticky":false,"template":"","format":"standard","meta":{"_FSMCFIC_featured_image_caption":"","_FSMCFIC_featured_image_nocaption":"","_FSMCFIC_featured_image_hide":"","footnotes":""},"categories":[22],"tags":[],"class_list":["post-20738","post","type-post","status-publish","format-standard","has-post-thumbnail","hentry","category-el_resto"],"_links":{"self":[{"href":"https:\/\/economiaconedmer.com\/economiaenserio\/wp-json\/wp\/v2\/posts\/20738","targetHints":{"allow":["GET"]}}],"collection":[{"href":"https:\/\/economiaconedmer.com\/economiaenserio\/wp-json\/wp\/v2\/posts"}],"about":[{"href":"https:\/\/economiaconedmer.com\/economiaenserio\/wp-json\/wp\/v2\/types\/post"}],"author":[{"embeddable":true,"href":"https:\/\/economiaconedmer.com\/economiaenserio\/wp-json\/wp\/v2\/users\/5"}],"replies":[{"embeddable":true,"href":"https:\/\/economiaconedmer.com\/economiaenserio\/wp-json\/wp\/v2\/comments?post=20738"}],"version-history":[{"count":2,"href":"https:\/\/economiaconedmer.com\/economiaenserio\/wp-json\/wp\/v2\/posts\/20738\/revisions"}],"predecessor-version":[{"id":20743,"href":"https:\/\/economiaconedmer.com\/economiaenserio\/wp-json\/wp\/v2\/posts\/20738\/revisions\/20743"}],"wp:featuredmedia":[{"embeddable":true,"href":"https:\/\/economiaconedmer.com\/economiaenserio\/wp-json\/wp\/v2\/media\/20741"}],"wp:attachment":[{"href":"https:\/\/economiaconedmer.com\/economiaenserio\/wp-json\/wp\/v2\/media?parent=20738"}],"wp:term":[{"taxonomy":"category","embeddable":true,"href":"https:\/\/economiaconedmer.com\/economiaenserio\/wp-json\/wp\/v2\/categories?post=20738"},{"taxonomy":"post_tag","embeddable":true,"href":"https:\/\/economiaconedmer.com\/economiaenserio\/wp-json\/wp\/v2\/tags?post=20738"}],"curies":[{"name":"wp","href":"https:\/\/api.w.org\/{rel}","templated":true}]}}