{"id":20727,"date":"2026-04-27T20:44:11","date_gmt":"2026-04-28T01:44:11","guid":{"rendered":"https:\/\/economiaconedmer.com\/economiaenserio\/?p=20727"},"modified":"2026-04-27T20:44:12","modified_gmt":"2026-04-28T01:44:12","slug":"el-retorno-de-profesionales-a-las-regiones-dinamiza-las-economias","status":"publish","type":"post","link":"https:\/\/economiaconedmer.com\/economiaenserio\/04\/27\/el-retorno-de-profesionales-a-las-regiones-dinamiza-las-economias\/jovenes\/2026\/","title":{"rendered":"El retorno de profesionales a las regiones dinamiza las econom\u00edas"},"content":{"rendered":"\n<p><strong>Bogot\u00e1, abril de 2026 &#8211;&nbsp;<\/strong>La l\u00f3gica de salir de las ciudades hacia la capital como \u00fanica forma de progreso parece estar revirti\u00e9ndose. Aunque la formaci\u00f3n profesional prevalece de manera mayoritaria en las grandes ciudades, o incluso en el exterior, el regreso de los profesionales a los municipios est\u00e1 tomando fuerza.<\/p>\n\n\n\n<p>La movilidad estudiantil sigue siendo constante. En el \u00faltimo a\u00f1o, seg\u00fan Migraci\u00f3n Colombia, m\u00e1s de 90.000 estudiantes salieron del pa\u00eds para formarse profesionalmente. Y en cuanto a la migraci\u00f3n interna, teniendo en cuenta que el 50% de las universidades est\u00e1n concentradas en Antioquia y Cundinamarca, el desplazamiento de estudiantes a las grandes urbes sigue siendo un fen\u00f3meno vigente, entre las que se pueden mencionar tambi\u00e9n Barranquilla y Cali.<\/p>\n\n\n\n<p>No obstante, algo ha venido cambiando. Los j\u00f3venes ya profesionales han decidido regresar a sus lugares de origen, lo que est\u00e1 derivando en una inyecci\u00f3n de conocimientos que puede contribuir al desarrollo econ\u00f3mico de las regiones que, hist\u00f3ricamente, no cuentan con la infraestructura acad\u00e9mica suficiente para formar a sus profesionales.<\/p>\n\n\n\n<p>\u201cYa no se puede hablar de una fuga de cerebros\u201d, afirma Jorge Alejandro G\u00f3mez Arango, rector de UNICOC. \u201cQue los j\u00f3venes est\u00e9n regresando con conocimientos, habilidades t\u00e9cnicas y una visi\u00f3n m\u00e1s amplia del mundo impacta positivamente en la productividad de su comunidad\u201d.<\/p>\n\n\n\n<p>El retorno profesional tiene efectos multiplicadores en la econom\u00eda local. Los egresados aplican conocimientos actualizados en \u00e1reas como la salud, el derecho, la administraci\u00f3n, la ingenier\u00eda, la econom\u00eda y la psicolog\u00eda.<\/p>\n\n\n\n<p>Adem\u00e1s, contribuyen a mejorar la gesti\u00f3n de servicios, optimizan procesos productivos, modernizan pr\u00e1cticas tradicionales, fortalecen el tejido empresarial y abren paso a nuevas oportunidades de desarrollo en los municipios y regiones.<\/p>\n\n\n\n<p>Un ejemplo claro es el emprendimiento, pues muchos de quienes retornan lo hacen con la firme intenci\u00f3n de crear empresas, cooperativas o proyectos de base comunitaria. Con herramientas en gesti\u00f3n, mercadeo y planeaci\u00f3n estrat\u00e9gica, logran identificar necesidades insatisfechas y transformarlas en oportunidades. Esto dinamiza la econom\u00eda municipal, crea empleo y fomenta el consumo interno.<\/p>\n\n\n\n<p>\u201cEl retorno tambi\u00e9n contribuye a la diversificaci\u00f3n productiva\u201d, agrega el rector de UNICOC. \u201cRegiones que han dependido hist\u00f3ricamente de un solo rengl\u00f3n econ\u00f3mico ven c\u00f3mo estos j\u00f3venes llegan con nuevas ideas y modelos de negocio para abrir sectores como el turismo rural, el desarrollo de software, los servicios digitales o la bioeconom\u00eda\u201d.<\/p>\n\n\n\n<p>Adem\u00e1s, los efectos colaterales de este retorno tambi\u00e9n impactan a las familias mejorando sus ingresos, estimulando la inversi\u00f3n local, fortaleciendo las cadenas de valor y potenciando la recaudaci\u00f3n tributaria, que se traduce en mayor capacidad de gesti\u00f3n municipal.<\/p>\n\n\n\n<p>Y en cuanto al \u00e1mbito social y emocional, los j\u00f3venes regresan dispuestos a retornarle a sus comunidades mediante sus conocimientos adquiridos. Es un liderazgo que fortalece la participaci\u00f3n ciudadana.<\/p>\n\n\n\n<p>\u201cEl talento de nuestros j\u00f3venes no puede quedarse estancado en las grandes ciudades\u201d, advierte Alejandro G\u00f3mez. \u201cColombia necesita que regresen, que construyan desde lo local, que innoven desde la ra\u00edz, haciendo una apuesta por el futuro de todas las regiones.<\/p>\n\n\n\n<p>Esto, por supuesto, es posible cuando hay un soporte institucional que incentive este retorno de manera saludable. Debe haber facilidades de financiamiento para la inversi\u00f3n, mejoras en la conectividad y los servicios p\u00fablicos, as\u00ed como espacios de capacitaci\u00f3n para que los profesionales que regresan ayuden al desarrollo local. Es un esfuerzo mancomunado.<\/p>\n","protected":false},"excerpt":{"rendered":"<p>Bogot\u00e1, abril de 2026 &#8211;&nbsp;La l\u00f3gica de salir de las ciudades hacia la capital como \u00fanica forma de progreso parece estar revirti\u00e9ndose. Aunque la formaci\u00f3n profesional prevalece de manera mayoritaria en las grandes ciudades, o incluso en el exterior, el regreso de los profesionales a los municipios est\u00e1 tomando fuerza. La movilidad estudiantil sigue siendo&#8230;<\/p>\n","protected":false},"author":5,"featured_media":20728,"comment_status":"closed","ping_status":"closed","sticky":false,"template":"","format":"standard","meta":{"_FSMCFIC_featured_image_caption":"","_FSMCFIC_featured_image_nocaption":"","_FSMCFIC_featured_image_hide":"","footnotes":""},"categories":[24],"tags":[],"class_list":["post-20727","post","type-post","status-publish","format-standard","has-post-thumbnail","hentry","category-jovenes"],"_links":{"self":[{"href":"https:\/\/economiaconedmer.com\/economiaenserio\/wp-json\/wp\/v2\/posts\/20727","targetHints":{"allow":["GET"]}}],"collection":[{"href":"https:\/\/economiaconedmer.com\/economiaenserio\/wp-json\/wp\/v2\/posts"}],"about":[{"href":"https:\/\/economiaconedmer.com\/economiaenserio\/wp-json\/wp\/v2\/types\/post"}],"author":[{"embeddable":true,"href":"https:\/\/economiaconedmer.com\/economiaenserio\/wp-json\/wp\/v2\/users\/5"}],"replies":[{"embeddable":true,"href":"https:\/\/economiaconedmer.com\/economiaenserio\/wp-json\/wp\/v2\/comments?post=20727"}],"version-history":[{"count":1,"href":"https:\/\/economiaconedmer.com\/economiaenserio\/wp-json\/wp\/v2\/posts\/20727\/revisions"}],"predecessor-version":[{"id":20729,"href":"https:\/\/economiaconedmer.com\/economiaenserio\/wp-json\/wp\/v2\/posts\/20727\/revisions\/20729"}],"wp:featuredmedia":[{"embeddable":true,"href":"https:\/\/economiaconedmer.com\/economiaenserio\/wp-json\/wp\/v2\/media\/20728"}],"wp:attachment":[{"href":"https:\/\/economiaconedmer.com\/economiaenserio\/wp-json\/wp\/v2\/media?parent=20727"}],"wp:term":[{"taxonomy":"category","embeddable":true,"href":"https:\/\/economiaconedmer.com\/economiaenserio\/wp-json\/wp\/v2\/categories?post=20727"},{"taxonomy":"post_tag","embeddable":true,"href":"https:\/\/economiaconedmer.com\/economiaenserio\/wp-json\/wp\/v2\/tags?post=20727"}],"curies":[{"name":"wp","href":"https:\/\/api.w.org\/{rel}","templated":true}]}}