{"id":20133,"date":"2026-03-11T21:20:38","date_gmt":"2026-03-12T02:20:38","guid":{"rendered":"https:\/\/economiaconedmer.com\/economiaenserio\/?p=20133"},"modified":"2026-03-11T21:20:38","modified_gmt":"2026-03-12T02:20:38","slug":"salitre-plaza-ha-recibido-mas-de-500-millones-de-visitantes-en-sus-30-anos","status":"publish","type":"post","link":"https:\/\/economiaconedmer.com\/economiaenserio\/03\/11\/salitre-plaza-ha-recibido-mas-de-500-millones-de-visitantes-en-sus-30-anos\/corticas\/2026\/","title":{"rendered":"Salitre Plaza ha recibido m\u00e1s de 500 millones de visitantes en sus 30 a\u00f1os"},"content":{"rendered":"\n<p><strong>Bogot\u00e1, marzo 11 de 2026.<\/strong> Inaugurado en 1996 como el primer centro comercial del sector de Ciudad Salitre, el complejo ha acompa\u00f1ado la transformaci\u00f3n urbana de esta zona de la capital. En estas tres d\u00e9cadas ha recibido\u00a0m\u00e1s de 500 millones de visitantes, evolucionando desde un espacio comercial hacia un\u00a0ecosistema urbano que integra comercio, cultura, bienestar y comunidad.<\/p>\n\n\n\n<p>En los \u00faltimos a\u00f1os, el centro comercial ha mantenido indicadores de desempe\u00f1o destacados en el sector, con\u00a0niveles de vacancia cercanos al 2% durante los dos \u00faltimos a\u00f1os y un cumplimiento presupuestal superior al 100 %, reflejo de la confianza de las marcas y de la estabilidad de su operaci\u00f3n.<\/p>\n\n\n\n<p>\u201cCumplir 30 a\u00f1os es m\u00e1s que celebrar una trayectoria empresarial. Es reconocer que los centros comerciales han evolucionado hasta convertirse en verdaderos ecosistemas urbanos, donde el comercio convive con la cultura, el bienestar y la vida cotidiana de las ciudades. En Salitre Plaza entendemos que cada metro cuadrado tiene la capacidad de generar desarrollo, encuentro y oportunidades para la comunidad\u201d, afirm\u00f3\u00a0Patricia Urrea, gerente general de Salitre Plaza.<\/p>\n","protected":false},"excerpt":{"rendered":"<p>Bogot\u00e1, marzo 11 de 2026. Inaugurado en 1996 como el primer centro comercial del sector de Ciudad Salitre, el complejo ha acompa\u00f1ado la transformaci\u00f3n urbana de esta zona de la capital. En estas tres d\u00e9cadas ha recibido\u00a0m\u00e1s de 500 millones de visitantes, evolucionando desde un espacio comercial hacia un\u00a0ecosistema urbano que integra comercio, cultura, bienestar&#8230;<\/p>\n","protected":false},"author":9,"featured_media":0,"comment_status":"closed","ping_status":"closed","sticky":false,"template":"","format":"standard","meta":{"_FSMCFIC_featured_image_caption":"","_FSMCFIC_featured_image_nocaption":"","_FSMCFIC_featured_image_hide":"","footnotes":""},"categories":[23],"tags":[],"class_list":["post-20133","post","type-post","status-publish","format-standard","hentry","category-corticas"],"_links":{"self":[{"href":"https:\/\/economiaconedmer.com\/economiaenserio\/wp-json\/wp\/v2\/posts\/20133","targetHints":{"allow":["GET"]}}],"collection":[{"href":"https:\/\/economiaconedmer.com\/economiaenserio\/wp-json\/wp\/v2\/posts"}],"about":[{"href":"https:\/\/economiaconedmer.com\/economiaenserio\/wp-json\/wp\/v2\/types\/post"}],"author":[{"embeddable":true,"href":"https:\/\/economiaconedmer.com\/economiaenserio\/wp-json\/wp\/v2\/users\/9"}],"replies":[{"embeddable":true,"href":"https:\/\/economiaconedmer.com\/economiaenserio\/wp-json\/wp\/v2\/comments?post=20133"}],"version-history":[{"count":1,"href":"https:\/\/economiaconedmer.com\/economiaenserio\/wp-json\/wp\/v2\/posts\/20133\/revisions"}],"predecessor-version":[{"id":20134,"href":"https:\/\/economiaconedmer.com\/economiaenserio\/wp-json\/wp\/v2\/posts\/20133\/revisions\/20134"}],"wp:attachment":[{"href":"https:\/\/economiaconedmer.com\/economiaenserio\/wp-json\/wp\/v2\/media?parent=20133"}],"wp:term":[{"taxonomy":"category","embeddable":true,"href":"https:\/\/economiaconedmer.com\/economiaenserio\/wp-json\/wp\/v2\/categories?post=20133"},{"taxonomy":"post_tag","embeddable":true,"href":"https:\/\/economiaconedmer.com\/economiaenserio\/wp-json\/wp\/v2\/tags?post=20133"}],"curies":[{"name":"wp","href":"https:\/\/api.w.org\/{rel}","templated":true}]}}