{"id":20113,"date":"2026-03-11T20:41:37","date_gmt":"2026-03-12T01:41:37","guid":{"rendered":"https:\/\/economiaconedmer.com\/economiaenserio\/?p=20113"},"modified":"2026-03-11T20:41:38","modified_gmt":"2026-03-12T01:41:38","slug":"estos-son-los-ganadores-del-premio-emprendedor-del-ano-de-ey","status":"publish","type":"post","link":"https:\/\/economiaconedmer.com\/economiaenserio\/03\/11\/estos-son-los-ganadores-del-premio-emprendedor-del-ano-de-ey\/el_resto\/2026\/","title":{"rendered":"Estos son los ganadores del premio Emprendedor del a\u00f1o de EY"},"content":{"rendered":"\n<p><strong>Bogot\u00e1, marzo de 2026<\/strong>. EY Colombia realiz\u00f3 la edici\u00f3n n\u00famero 15 del programa Emprendedor del A\u00f1o con una gala de premiaci\u00f3n que reconoci\u00f3 a cinco l\u00edderes empresariales que est\u00e1n resolviendo desaf\u00edos estructurales de la econom\u00eda colombiana, desde el n\u00facleo de sus modelos de negocio, y d\u00e1ndole forma al futuro con confianza.<\/p>\n\n\n\n<p>A lo largo de sus ediciones, el programa ha identificado y visibilizado l\u00edderes y emprendedores con capacidad de transformar sectores completos. Los homenajeados en cada una de ellas han demostrado que es posible construir empresas competitivas, sostenibles y de alto impacto en Colombia.<\/p>\n\n\n\n<p>\u201cEsta edici\u00f3n n\u00famero 15 confirma que en Colombia existe un liderazgo empresarial capaz de transformar sectores completos, generar empleo de calidad y construir futuro con prop\u00f3sito. Los emprendedores y l\u00edderes que reconocemos elevan los est\u00e1ndares de lo que significa hacer empresa con visi\u00f3n, disciplina e impacto\u201d, afirm\u00f3 Ximena Zuluaga, Presidenta y Country Managing Partner de EY Colombia.<\/p>\n\n\n\n<p>Este a\u00f1o, el programa celebr\u00f3 historias extraordinarias que est\u00e1n acelerando el progreso en Colombia, con soluciones innovadoras que van desde la inclusi\u00f3n financiera y la digitalizaci\u00f3n de las peque\u00f1as empresas, hasta la tecnificaci\u00f3n del agro, el fortalecimiento del empleo formal y la dignificaci\u00f3n del trabajo dom\u00e9stico.<\/p>\n\n\n\n<p>Los premios se otorgaron en cinco categor\u00edas: M\u00e1ster, Silver, Shaper, Esp\u00edritu Emprendedor y Ejecutivo Transformador, concebidas para destacar diferentes expresiones de liderazgo y evoluci\u00f3n empresarial. Quince jurados independientes (tres por categor\u00eda), sin vinculaci\u00f3n alguna con la firma y referentes en sus sectores, evaluaron a los candidatos bajo criterios de m\u00e9rito, impacto y visi\u00f3n estrat\u00e9gica, garantizando un proceso transparente.<\/p>\n\n\n\n<p>Ganadores 2026<\/p>\n\n\n\n<p>M\u00e1ster: Elsa Marina G\u00f3mez y Liliana Estrada de Londo\u00f1o de Eficacia: 40 a\u00f1os profesionalizando el empleo formal y elevando la productividad en Colombia<\/p>\n\n\n\n<p>Elsa Marina G\u00f3mez y Liliana Estrada de Londo\u00f1o recibieron el m\u00e1ximo galard\u00f3n por su larga trayectoria y el impacto de Eficacia en la profesionalizaci\u00f3n del empleo en Colombia. A lo largo de cuatro d\u00e9cadas, la empresa construy\u00f3 uno de los modelos de tercerizaci\u00f3n m\u00e1s robustos del pa\u00eds, generando miles de empleos formales, fortaleciendo la competitividad de las empresas y profesionalizando oficios hist\u00f3ricamente excluidos de oportunidades de formaci\u00f3n y desarrollo.<\/p>\n\n\n\n<p>Su visi\u00f3n transform\u00f3 una operaci\u00f3n de servicios tradicionales en un ecosistema integrado de servicios t\u00e9cnicos especializados con soluciones comerciales, de mercadeo y de gesti\u00f3n humana, con presencia en m\u00e1s de 800 municipios de Colombia, generando m\u00e1s de 46.000 empleos en promedio al a\u00f1o, incluyendo operaciones en Ecuador y Per\u00fa.<\/p>\n\n\n\n<p>Como ganadoras de la categor\u00eda M\u00e1ster, Elsa y Liliana representar\u00e1n a Colombia en el EY Entrepreneur Of The Year\u2122 2026, que se realizar\u00e1 en M\u00f3naco del 25 al 29 de mayo, con la participaci\u00f3n de l\u00edderes empresariales de m\u00e1s de 50 pa\u00edses.<\/p>\n\n\n\n<p>Shaper: Jos\u00e9 V\u00e9lez, Ana Sandoval y Sergio Vergara de Bold: democratizaci\u00f3n de los pagos digitales para las pymes colombianas<\/p>\n\n\n\n<p>La categor\u00eda Shaper, incorporada por primera vez en esta edici\u00f3n, reconoce a l\u00edderes que est\u00e1n dando forma al futuro del pa\u00eds, al resolver desaf\u00edos econ\u00f3micos o sociales desde el n\u00facleo de su modelo de negocio, en l\u00ednea con el lema de EY, Shape the future with confidence.<\/p>\n\n\n\n<p>Jos\u00e9 V\u00e9lez, Ana Sandoval y Sergio Vergara fueron reconocidos por transformar el acceso de las peque\u00f1as y medianas empresas a servicios financieros de calidad en Colombia. Su modelo permiti\u00f3 que sectores altamente dependientes del efectivo, como comercios de barrio, tiendas, micronegocios y pymes emergentes, adoptaran soluciones digitales, para recibir pagos y administrar el dinero, a costos accesibles y mediante procesos simplificados.<\/p>\n\n\n\n<p>Con los dat\u00e1fonos revolucionaron la forma de pago en Colombia y sentaron las bases para convertirse en una compa\u00f1\u00eda financiera regulada con alcance nacional, que les permiti\u00f3 ampliar su portafolio y convertirse en un aliado estrat\u00e9gico para miles de emprendedores.<\/p>\n\n\n\n<p>Con un potencial inmenso de continuar fortaleciendo la operaci\u00f3n en Colombia, Bold tambi\u00e9n se prepara para una expansi\u00f3n regional, que ya inici\u00f3 en Per\u00fa, para transformar el ecosistema de pagos en Latinoam\u00e9rica y dinamizar el ecosistema emprendedor.<\/p>\n\n\n\n<p>Silver: Jaime Li\u00e9vano de La Fazenda: innovaci\u00f3n agroindustrial impulsada por la experiencia<\/p>\n\n\n\n<p>El galard\u00f3n Silver reconoce a emprendedores que iniciaron su trayectoria despu\u00e9s de los 50 a\u00f1os. Fue otorgado a Jaime Li\u00e9vano, fundador de La Fazenda, por su contribuci\u00f3n a la modernizaci\u00f3n del sector porcicultor colombiano.<\/p>\n\n\n\n<p>Bajo su liderazgo, la compa\u00f1\u00eda, que fund\u00f3, incorpor\u00f3 est\u00e1ndares internacionales de bienestar animal, trazabilidad, bioseguridad y sostenibilidad ambiental, elevando la competitividad de la agroindustria nacional e impulsando el consumo per c\u00e1pita de carne de cerdo en el pa\u00eds, gracias a productos con mayor calidad, inocuidad y valor nutritivo. Su gesti\u00f3n ha contribuido al fortalecimiento de la seguridad alimentaria y al posicionamiento del sector como un actor relevante en el desarrollo rural, generador de empleo y motor de sofisticaci\u00f3n tecnol\u00f3gica.<\/p>\n\n\n\n<p>Ejecutivo Transformador: Andr\u00e9s V\u00e1squez de Nequi: liderazgo que aceler\u00f3 la inclusi\u00f3n financiera a todo nivel<\/p>\n\n\n\n<p>Esta categor\u00eda, realizada en colaboraci\u00f3n con Valora Analitik, reconoce a ejecutivos que han transformado compa\u00f1\u00edas sin haber sido sus fundadores. El caso de Andr\u00e9s V\u00e1squez es excepcional: actu\u00f3 como intraemprendedor dentro de Bancolombia para impulsar el desarrollo de Nequi, acompa\u00f1ando su crecimiento desde los primeros pasos hasta consolidarla como una plataforma digital de alto impacto econ\u00f3mico y social.<\/p>\n\n\n\n<p>Bajo su liderazgo, Nequi ha fortalecido su infraestructura tecnol\u00f3gica, ampliado su portafolio de servicios financieros y no financieros, y consolidado un ecosistema que acompa\u00f1a la evoluci\u00f3n financiera de las personas, los negocios y las empresas, mientras impulsa oportunidades, dinamiza la econom\u00eda del pa\u00eds y genera confianza.<\/p>\n\n\n\n<p>Gracias a esta evoluci\u00f3n, segmentos hist\u00f3ricamente excluidos del sistema financiero han accedido por primera vez a servicios de ahorro, pagos, cr\u00e9dito y gesti\u00f3n financiera, estando presente en la cotidianidad desde el celular. A trav\u00e9s de su ecosistema, la plataforma busca abrir m\u00e1s oportunidades para que las personas estudien, emprendan y participen activamente en la econom\u00eda. Con esta visi\u00f3n, Nequi continuar\u00e1 desarrollando soluciones que impulsen la evoluci\u00f3n financiera de las personas y aporten al desarrollo del pa\u00eds.<\/p>\n\n\n\n<p>Esp\u00edritu Emprendedor: Salua Garc\u00eda Fakih de Symplifica: tecnolog\u00eda para formalizar el empleo dom\u00e9stico en Colombia<\/p>\n\n\n\n<p>El reconocimiento Esp\u00edritu Emprendedor, en colaboraci\u00f3n con el CESA, fue otorgado a Salua Garc\u00eda Fakih por su liderazgo en la construcci\u00f3n de una plataforma tecnol\u00f3gica orientada a resolver la informalidad estructural del trabajo dom\u00e9stico: un sector en el que hist\u00f3ricamente miles de mujeres han trabajado sin seguridad social ni reconocimiento de sus derechos laborales b\u00e1sicos.<\/p>\n\n\n\n<p>A trav\u00e9s de una soluci\u00f3n que automatiza procesos de afiliaci\u00f3n, n\u00f3mina, pagos y cumplimiento de obligaciones laborales, su iniciativa ha permitido que miles de hogares formalicen sus relaciones laborales y que miles de trabajadoras accedan, quiz\u00e1 por primera vez, a protecci\u00f3n social, cesant\u00edas, vacaciones y pensi\u00f3n. Su impacto contribuye directamente a cerrar brechas de g\u00e9nero y a reducir la vulnerabilidad econ\u00f3mica de uno de los segmentos m\u00e1s excluidos del mercado laboral colombiano.<\/p>\n\n\n\n<p>15 ediciones: un mismo prop\u00f3sito<\/p>\n\n\n\n<p>El programa el Emprendedor del A\u00f1o EY ha reconocido a l\u00edderes y emprendedores que construyen organizaciones competitivas, sostenibles y de alto impacto, y que transforman el entorno en el que operan. Tambi\u00e9n ha visibilizado trayectorias que hoy son referentes en sus sectores, ha llevado a representantes colombianos a competir en el EY Entrepreneur Of The Year\u2122 y ha contribuido a consolidar un ecosistema emprendedor con est\u00e1ndares globales.<\/p>\n\n\n\n<p><\/p>\n","protected":false},"excerpt":{"rendered":"<p>Bogot\u00e1, marzo de 2026. EY Colombia realiz\u00f3 la edici\u00f3n n\u00famero 15 del programa Emprendedor del A\u00f1o con una gala de premiaci\u00f3n que reconoci\u00f3 a cinco l\u00edderes empresariales que est\u00e1n resolviendo desaf\u00edos estructurales de la econom\u00eda colombiana, desde el n\u00facleo de sus modelos de negocio, y d\u00e1ndole forma al futuro con confianza. A lo largo de&#8230;<\/p>\n","protected":false},"author":9,"featured_media":20114,"comment_status":"closed","ping_status":"closed","sticky":false,"template":"","format":"standard","meta":{"_FSMCFIC_featured_image_caption":"","_FSMCFIC_featured_image_nocaption":"","_FSMCFIC_featured_image_hide":"","footnotes":""},"categories":[22],"tags":[],"class_list":["post-20113","post","type-post","status-publish","format-standard","has-post-thumbnail","hentry","category-el_resto"],"_links":{"self":[{"href":"https:\/\/economiaconedmer.com\/economiaenserio\/wp-json\/wp\/v2\/posts\/20113","targetHints":{"allow":["GET"]}}],"collection":[{"href":"https:\/\/economiaconedmer.com\/economiaenserio\/wp-json\/wp\/v2\/posts"}],"about":[{"href":"https:\/\/economiaconedmer.com\/economiaenserio\/wp-json\/wp\/v2\/types\/post"}],"author":[{"embeddable":true,"href":"https:\/\/economiaconedmer.com\/economiaenserio\/wp-json\/wp\/v2\/users\/9"}],"replies":[{"embeddable":true,"href":"https:\/\/economiaconedmer.com\/economiaenserio\/wp-json\/wp\/v2\/comments?post=20113"}],"version-history":[{"count":1,"href":"https:\/\/economiaconedmer.com\/economiaenserio\/wp-json\/wp\/v2\/posts\/20113\/revisions"}],"predecessor-version":[{"id":20115,"href":"https:\/\/economiaconedmer.com\/economiaenserio\/wp-json\/wp\/v2\/posts\/20113\/revisions\/20115"}],"wp:featuredmedia":[{"embeddable":true,"href":"https:\/\/economiaconedmer.com\/economiaenserio\/wp-json\/wp\/v2\/media\/20114"}],"wp:attachment":[{"href":"https:\/\/economiaconedmer.com\/economiaenserio\/wp-json\/wp\/v2\/media?parent=20113"}],"wp:term":[{"taxonomy":"category","embeddable":true,"href":"https:\/\/economiaconedmer.com\/economiaenserio\/wp-json\/wp\/v2\/categories?post=20113"},{"taxonomy":"post_tag","embeddable":true,"href":"https:\/\/economiaconedmer.com\/economiaenserio\/wp-json\/wp\/v2\/tags?post=20113"}],"curies":[{"name":"wp","href":"https:\/\/api.w.org\/{rel}","templated":true}]}}