{"id":20103,"date":"2026-03-09T20:07:21","date_gmt":"2026-03-10T01:07:21","guid":{"rendered":"https:\/\/economiaconedmer.com\/economiaenserio\/?p=20103"},"modified":"2026-03-09T20:07:23","modified_gmt":"2026-03-10T01:07:23","slug":"los-coches-realizara-feria-de-vehiculos","status":"publish","type":"post","link":"https:\/\/economiaconedmer.com\/economiaenserio\/03\/09\/los-coches-realizara-feria-de-vehiculos\/el_resto\/2026\/","title":{"rendered":"Los Coches realizar\u00e1 feria de veh\u00edculos"},"content":{"rendered":"\n<p><strong>Colombia, marzo de 2026.<\/strong>&nbsp;En un momento en el que el sector automotor muestra se\u00f1ales de recuperaci\u00f3n y crecimiento, el concesionario Los Coches realizar\u00e1 \u201cLos Coches Fest\u201d, una feria automotriz nacional que se llevar\u00e1 a cabo del 12 al 15 de marzo de manera simult\u00e1nea en todas sus vitrinas en Colombia.<\/p>\n\n\n\n<p>Durante el evento, los asistentes podr\u00e1n conocer una amplia oferta de veh\u00edculos h\u00edbridos, el\u00e9ctricos y a gasolina, reflejando la diversidad tecnol\u00f3gica que hoy caracteriza al sector automotor y que responde a distintas necesidades de movilidad, eficiencia energ\u00e9tica y desempe\u00f1o.<\/p>\n\n\n\n<p>La feria reunir\u00e1 diversas marcas del portafolio de Los Coches y permitir\u00e1 a los visitantes conocer distintos modelos, comparar caracter\u00edsticas y explorar las alternativas disponibles en el mercado, en un momento en el que cada vez m\u00e1s consumidores analizan m\u00faltiples opciones antes de tomar una decisi\u00f3n de compra.<\/p>\n\n\n\n<p>Como parte del evento, los visitantes podr\u00e1n acceder a beneficios exclusivos dise\u00f1ados para facilitar la compra de veh\u00edculo, entre ellos tasas especiales de financiaci\u00f3n desde 0,0% M.V., bonos de p\u00f3liza todo riesgo, bonos de retoma y bonos de matr\u00edcula hasta por $3.000.000, dependiendo del modelo y la marca.<\/p>\n\n\n\n<p>\u201cEl mercado automotor vive un momento interesante en el que conviven distintas tecnolog\u00edas. Hoy el consumidor tiene m\u00e1s informaci\u00f3n y m\u00e1s opciones para elegir el tipo de movilidad que mejor se ajusta a sus necesidades\u201d, afirm\u00f3 Ricardo Salazar, gerente de Los Coches.<\/p>\n\n\n\n<p>Un impulso al crecimiento del sector<\/p>\n\n\n\n<p>La realizaci\u00f3n de Los Coches Fest tambi\u00e9n responde al buen momento que ha venido registrando el mercado automotor en el pa\u00eds. De acuerdo con cifras del sector, febrero fue uno de los meses m\u00e1s din\u00e1micos para la venta de veh\u00edculos en los \u00faltimos a\u00f1os, reflejando una mayor confianza de los consumidores y un creciente inter\u00e9s por renovar su veh\u00edculo.<\/p>\n\n\n\n<p>En este contexto, iniciativas como esta feria buscan mantener el impulso del mercado, facilitando el acceso a veh\u00edculos nuevos y ampliando la oferta para los usuarios.<\/p>\n\n\n\n<p>Desde Los Coches, uno de los concesionarios multimarca m\u00e1s importantes del pa\u00eds, la compa\u00f1\u00eda busca seguir aportando al crecimiento del sector y al fortalecimiento de segmentos que vienen ganando protagonismo en el mercado, como los veh\u00edculos h\u00edbridos y el\u00e9ctricos.<\/p>\n\n\n\n<p>En Colombia, el inter\u00e9s por tecnolog\u00edas de movilidad m\u00e1s eficientes ha venido creciendo en los \u00faltimos a\u00f1os. Seg\u00fan cifras del sector, los veh\u00edculos h\u00edbridos y el\u00e9ctricos han ganado participaci\u00f3n dentro del mercado automotor, impulsados por beneficios tributarios, avances tecnol\u00f3gicos y una mayor oferta de modelos disponibles.<\/p>\n\n\n\n<p>Al mismo tiempo, la renovaci\u00f3n del parque automotor se ha convertido en un tema relevante para la industria, ya que muchos usuarios eval\u00faan reemplazar veh\u00edculos antiguos por modelos con mayores est\u00e1ndares de seguridad, eficiencia y tecnolog\u00eda.<\/p>\n\n\n\n<p>En este escenario, Los Coches Fest reunir\u00e1 durante cuatro d\u00edas distintas opciones del mercado automotor en todas sus vitrinas a nivel nacional, en un espacio dise\u00f1ado para que los usuarios puedan conocer de cerca las alternativas disponibles y aprovechar condiciones especiales para la compra de veh\u00edculo.<\/p>\n\n\n\n<p><\/p>\n","protected":false},"excerpt":{"rendered":"<p>Colombia, marzo de 2026.&nbsp;En un momento en el que el sector automotor muestra se\u00f1ales de recuperaci\u00f3n y crecimiento, el concesionario Los Coches realizar\u00e1 \u201cLos Coches Fest\u201d, una feria automotriz nacional que se llevar\u00e1 a cabo del 12 al 15 de marzo de manera simult\u00e1nea en todas sus vitrinas en Colombia. Durante el evento, los asistentes&#8230;<\/p>\n","protected":false},"author":5,"featured_media":20104,"comment_status":"closed","ping_status":"closed","sticky":false,"template":"","format":"standard","meta":{"_FSMCFIC_featured_image_caption":"","_FSMCFIC_featured_image_nocaption":"","_FSMCFIC_featured_image_hide":"","footnotes":""},"categories":[22],"tags":[],"class_list":["post-20103","post","type-post","status-publish","format-standard","has-post-thumbnail","hentry","category-el_resto"],"_links":{"self":[{"href":"https:\/\/economiaconedmer.com\/economiaenserio\/wp-json\/wp\/v2\/posts\/20103","targetHints":{"allow":["GET"]}}],"collection":[{"href":"https:\/\/economiaconedmer.com\/economiaenserio\/wp-json\/wp\/v2\/posts"}],"about":[{"href":"https:\/\/economiaconedmer.com\/economiaenserio\/wp-json\/wp\/v2\/types\/post"}],"author":[{"embeddable":true,"href":"https:\/\/economiaconedmer.com\/economiaenserio\/wp-json\/wp\/v2\/users\/5"}],"replies":[{"embeddable":true,"href":"https:\/\/economiaconedmer.com\/economiaenserio\/wp-json\/wp\/v2\/comments?post=20103"}],"version-history":[{"count":1,"href":"https:\/\/economiaconedmer.com\/economiaenserio\/wp-json\/wp\/v2\/posts\/20103\/revisions"}],"predecessor-version":[{"id":20105,"href":"https:\/\/economiaconedmer.com\/economiaenserio\/wp-json\/wp\/v2\/posts\/20103\/revisions\/20105"}],"wp:featuredmedia":[{"embeddable":true,"href":"https:\/\/economiaconedmer.com\/economiaenserio\/wp-json\/wp\/v2\/media\/20104"}],"wp:attachment":[{"href":"https:\/\/economiaconedmer.com\/economiaenserio\/wp-json\/wp\/v2\/media?parent=20103"}],"wp:term":[{"taxonomy":"category","embeddable":true,"href":"https:\/\/economiaconedmer.com\/economiaenserio\/wp-json\/wp\/v2\/categories?post=20103"},{"taxonomy":"post_tag","embeddable":true,"href":"https:\/\/economiaconedmer.com\/economiaenserio\/wp-json\/wp\/v2\/tags?post=20103"}],"curies":[{"name":"wp","href":"https:\/\/api.w.org\/{rel}","templated":true}]}}