{"id":20069,"date":"2026-03-05T19:48:03","date_gmt":"2026-03-06T00:48:03","guid":{"rendered":"https:\/\/economiaconedmer.com\/economiaenserio\/?p=20069"},"modified":"2026-03-06T18:30:31","modified_gmt":"2026-03-06T23:30:31","slug":"nace-comunicanteradar","status":"publish","type":"post","link":"https:\/\/economiaconedmer.com\/economiaenserio\/03\/05\/nace-comunicanteradar\/el_resto\/2026\/","title":{"rendered":"Nace @ComunicanteRadar"},"content":{"rendered":"\n<p><strong><em>El informativo en X sobre econom\u00eda, sostenibilidad y buen vivir<\/em><\/strong><\/p>\n\n\n\n<p>Tras dos a\u00f1os de trayectoria en el sector de la consultor\u00eda estrat\u00e9gica en Comunicaciones y manejo de Asuntos P\u00fablicos,\u00a0Comunicante\u00a0anuncia su evoluci\u00f3n hacia un ecosistema integral con el lanzamiento oficial de su medio de comunicaci\u00f3n digital en la plataforma X , antes Twitter.<\/p>\n\n\n\n<p>Liderado por su fundadora, Lourdes Molina Navarro, periodista econ\u00f3mica y escritora colombiana, especializada&nbsp;en Producci\u00f3n de TV y en Mercadeo y magister en Estudios Pol\u00edticos, con una amplia visi\u00f3n del desarrollo sostenible, formada en salas de redacci\u00f3n pero tambi\u00e9n en salas de juntas y negocios y en jefaturas de prensa de gremios con gran espectro nacional,&nbsp;<strong>@ComunicanteRadar<\/strong>&nbsp;surge como una respuesta a la creciente necesidad de espacios informativos que equilibren el rigor t\u00e9cnico con la calidez humana, la veracidad absoluta y el respeto por la pluralidad de&nbsp;pensamiento.<\/p>\n\n\n\n<figure class=\"wp-block-image size-large\"><img loading=\"lazy\" decoding=\"async\" width=\"300\" height=\"204\" src=\"https:\/\/economiaconedmer.com\/economiaenserio\/wp-content\/uploads\/2026\/03\/logo-1-300x204.jpg\" alt=\"\" class=\"wp-image-20076\" srcset=\"https:\/\/economiaconedmer.com\/economiaenserio\/wp-content\/uploads\/2026\/03\/logo-1-300x204.jpg 300w, https:\/\/economiaconedmer.com\/economiaenserio\/wp-content\/uploads\/2026\/03\/logo-1-250x170.jpg 250w, https:\/\/economiaconedmer.com\/economiaenserio\/wp-content\/uploads\/2026\/03\/logo-1-768x523.jpg 768w, https:\/\/economiaconedmer.com\/economiaenserio\/wp-content\/uploads\/2026\/03\/logo-1-1536x1047.jpg 1536w, https:\/\/economiaconedmer.com\/economiaenserio\/wp-content\/uploads\/2026\/03\/logo-1.jpg 1727w\" sizes=\"auto, (max-width: 300px) 100vw, 300px\" \/><figcaption class=\"wp-element-caption\">Oplus_16908288<\/figcaption><\/figure>\n\n\n\n<p>con una amplia visi\u00f3n del desarrollo sostenible,&nbsp;<strong>@ComunicanteRadar<\/strong>&nbsp;surge como una respuesta a la creciente necesidad de espacios informativos que equilibren el rigor t\u00e9cnico con la calidez humana, la veracidad absoluta y el respeto por la pluralidad de pensamiento.<\/p>\n\n\n\n<p><strong>Un enfoque integral para una realidad compleja<\/strong><\/p>\n\n\n\n<p><strong>@ComunicanteRadar<\/strong>&nbsp;busca apartarse de los medios tradicionales y apuesta por una cobertura 360\u00b0 que conecta las cifras con la calidad de vida. Sus ejes tem\u00e1ticos abarcar\u00e1n:<\/p>\n\n\n\n<ul class=\"wp-block-list\">\n<li><strong>Poder y Futuro:<\/strong>\u00a0An\u00e1lisis de geopol\u00edtica, pol\u00edtica nacional y tendencias econ\u00f3micas globales.<\/li>\n\n\n\n<li><strong>Conciencia Ambiental:<\/strong>\u00a0Un espacio dedicado exclusivamente a la sostenibilidad y a la econom\u00eda circular.<\/li>\n\n\n\n<li><strong>Historias con Prop\u00f3sito:<\/strong>\u00a0Testimonios de emprendimiento, superaci\u00f3n personal y casos de \u00e9xito empresarial.<\/li>\n\n\n\n<li><strong>Estilo de Vida y Cultura:<\/strong>\u00a0Curadur\u00eda experta en salud, bienestar, moda, cine, pintura, teatro y m\u00fasica.<\/li>\n<\/ul>\n\n\n\n<p><strong>El compromiso: Inclusi\u00f3n absoluta<\/strong><\/p>\n\n\n\n<p>En un entorno digital a menudo marcado por la polarizaci\u00f3n,&nbsp;<strong>@ComunicanteRadar<\/strong>&nbsp;se erige como un territorio de paz informativa. El medio se compromete a dar cabida a todas las opiniones, siempre que se construyan desde el respeto y la diversidad, garantizando una representaci\u00f3n aut\u00e9ntica de las m\u00faltiples voces que conforman la sociedad actual.<\/p>\n\n\n\n<p><em>\u201cComunicante nace de la convicci\u00f3n de que la informaci\u00f3n no solo debe ser veraz, sino tambi\u00e9n \u00fatil para el buen vivir. Queremos que nuestra audiencia encuentre aqu\u00ed el an\u00e1lisis profundo de un dato econ\u00f3mico, pero tambi\u00e9n la inspiraci\u00f3n para un nuevo proyecto de vida o una recomendaci\u00f3n cultural que nutra su bienestar\u201d, manifiesta Lourdes Molina.<\/em><\/p>\n\n\n\n<p><strong>Sinergia estrat\u00e9gica<\/strong><\/p>\n\n\n\n<p>Este nuevo brazo medi\u00e1tico complementa perfectamente la labor de la&nbsp;<strong>Consultor\u00eda de comunicaciones estrat\u00e9gicas de Comunicante<\/strong>, permitiendo que la experiencia acumulada durante treinta a\u00f1os de periodismo econ\u00f3mico y dos a\u00f1os como empresa experta en el manejo de crisis y estrategia comunicativa se traduzca ahora en un periodismo de alta calidad, cercano y responsable.<\/p>\n\n\n\n<p>La invitaci\u00f3n est\u00e1 abierta para que toda la comunidad se sume a esta conversaci\u00f3n a trav\u00e9s de nuestra cuenta oficial en X:&nbsp;<strong>@ComunicanteRadar<\/strong><\/p>\n\n\n\n<p><strong>Sobre Comunicante<\/strong><\/p>\n\n\n\n<p>Fundada hace dos a\u00f1os como una firma de consultor\u00eda en Comunicaciones Estrat\u00e9gicas y Manejo de Asuntos P\u00fablicos, Comunicante ha asesorado a diversas organizaciones privadas y p\u00fablicas, nacionales e internacionales, que pertenecen a diferentes sectores productivos y de gesti\u00f3n gubernamental y pol\u00edtica, &nbsp;en la construcci\u00f3n de narrativas s\u00f3lidas, econ\u00f3micas y responsables, adem\u00e1s de especializarse en la creaci\u00f3n de marcas personales para diversidad de profesionales, haciendo visibles sus&nbsp; opiniones y contenidos diferenciados. Hoy, expande su horizonte para convertirse en un medio de informaci\u00f3n integral enfocado en la econom\u00eda, la sostenibilidad y la cultura.<\/p>\n\n\n\n<p><strong>Contacto de prensa:<\/strong><\/p>\n\n\n\n<p><strong>Lourdes Molina Navarro, Directora General de Comunicante, correo&nbsp;<\/strong><a rel=\"noreferrer noopener\" target=\"_blank\" href=\"mailto:lmmcomunicacion@gmail.com\">lmmcomunicacion@gmail.com<\/a>, tel celular 3123979422, @ComunicanteRadar<\/p>\n\n\n\n<p><\/p>\n","protected":false},"excerpt":{"rendered":"<p>El informativo en X sobre econom\u00eda, sostenibilidad y buen vivir Tras dos a\u00f1os de trayectoria en el sector de la consultor\u00eda estrat\u00e9gica en Comunicaciones y manejo de Asuntos P\u00fablicos,\u00a0Comunicante\u00a0anuncia su evoluci\u00f3n hacia un ecosistema integral con el lanzamiento oficial de su medio de comunicaci\u00f3n digital en la plataforma X , antes Twitter. Liderado por su&#8230;<\/p>\n","protected":false},"author":9,"featured_media":20070,"comment_status":"closed","ping_status":"closed","sticky":false,"template":"","format":"standard","meta":{"_FSMCFIC_featured_image_caption":"","_FSMCFIC_featured_image_nocaption":"","_FSMCFIC_featured_image_hide":"","footnotes":""},"categories":[22],"tags":[],"class_list":["post-20069","post","type-post","status-publish","format-standard","has-post-thumbnail","hentry","category-el_resto"],"_links":{"self":[{"href":"https:\/\/economiaconedmer.com\/economiaenserio\/wp-json\/wp\/v2\/posts\/20069","targetHints":{"allow":["GET"]}}],"collection":[{"href":"https:\/\/economiaconedmer.com\/economiaenserio\/wp-json\/wp\/v2\/posts"}],"about":[{"href":"https:\/\/economiaconedmer.com\/economiaenserio\/wp-json\/wp\/v2\/types\/post"}],"author":[{"embeddable":true,"href":"https:\/\/economiaconedmer.com\/economiaenserio\/wp-json\/wp\/v2\/users\/9"}],"replies":[{"embeddable":true,"href":"https:\/\/economiaconedmer.com\/economiaenserio\/wp-json\/wp\/v2\/comments?post=20069"}],"version-history":[{"count":5,"href":"https:\/\/economiaconedmer.com\/economiaenserio\/wp-json\/wp\/v2\/posts\/20069\/revisions"}],"predecessor-version":[{"id":20080,"href":"https:\/\/economiaconedmer.com\/economiaenserio\/wp-json\/wp\/v2\/posts\/20069\/revisions\/20080"}],"wp:featuredmedia":[{"embeddable":true,"href":"https:\/\/economiaconedmer.com\/economiaenserio\/wp-json\/wp\/v2\/media\/20070"}],"wp:attachment":[{"href":"https:\/\/economiaconedmer.com\/economiaenserio\/wp-json\/wp\/v2\/media?parent=20069"}],"wp:term":[{"taxonomy":"category","embeddable":true,"href":"https:\/\/economiaconedmer.com\/economiaenserio\/wp-json\/wp\/v2\/categories?post=20069"},{"taxonomy":"post_tag","embeddable":true,"href":"https:\/\/economiaconedmer.com\/economiaenserio\/wp-json\/wp\/v2\/tags?post=20069"}],"curies":[{"name":"wp","href":"https:\/\/api.w.org\/{rel}","templated":true}]}}