{"id":19915,"date":"2026-02-26T19:39:21","date_gmt":"2026-02-27T00:39:21","guid":{"rendered":"https:\/\/economiaconedmer.com\/economiaenserio\/?p=19915"},"modified":"2026-02-26T19:41:37","modified_gmt":"2026-02-27T00:41:37","slug":"cerca-de-100-000-recicladores-recolectan-plasticos","status":"publish","type":"post","link":"https:\/\/economiaconedmer.com\/economiaenserio\/02\/26\/cerca-de-100-000-recicladores-recolectan-plasticos\/el_resto\/2026\/","title":{"rendered":"Unos 100.000\u00a0recicladores recolectan 100 mil toneladas de pl\u00e1sticos al a\u00f1o, en Colombia"},"content":{"rendered":"\n<p><em><strong>En Colombia se aprovechan cerca de 2,4 millones de toneladas de residuos al a\u00f1o, de acuerdo con los reportes oficiales m\u00e1s recientes de la Superintendencia de Servicios P\u00fablicos Domiciliarios.<\/strong><\/em><\/p>\n\n\n\n<p><strong>Bogot\u00e1, 25 de febrero de 2026.<\/strong> En el D\u00eda Mundial del Reciclador, Acopl\u00e1sticos pone en el centro de la conversaci\u00f3n p\u00fablica el rol estrat\u00e9gico que cumplen los recicladores de oficio en el funcionamiento del modelo de econom\u00eda circular en Colombia.<\/p>\n\n\n\n<p>En los \u00faltimos a\u00f1os, el sector de los pl\u00e1sticos, mediante inversiones que superan los 150 millones de d\u00f3lares,&nbsp;ha sumado, en los \u00faltimos cuatro a\u00f1os,&nbsp;cerca de 100.000 toneladas adicionales a su capacidad de reciclaje, alcanzando una capacidad instalada cercana a 500.000 toneladas anuales, como parte de su transici\u00f3n hacia modelos productivos m\u00e1s circulares y sostenibles.<\/p>\n\n\n\n<p>La consolidaci\u00f3n de la econom\u00eda circular en la industria pl\u00e1stica tambi\u00e9n se traduce en un impacto social y econ\u00f3mico relevante. Actualmente, la cadena del pl\u00e1stico genera cerca de 250.000 empleos directos en Colombia, a lo cual es importante adicionar&nbsp;aproximadamente 100.000 personas&nbsp;delas cadenas de reciclaje, dentro de las cuales los recicladores de oficio cumplen un rol esencial en la recolecci\u00f3n, clasificaci\u00f3n y reincorporaci\u00f3n de materiales a los ciclos productivos.<\/p>\n\n\n\n<p>En este contexto, los recicladores de oficio&nbsp;tienen&nbsp;un papel&nbsp;central&nbsp;dentro del sistema de aprovechamiento de residuos, gracias a su conocimiento t\u00e9cnico del material, su experiencia en la cadena, sus rutas hist\u00f3ricas de recolecci\u00f3n&nbsp;y su creciente capacidad organizativa. Su aporte&nbsp;al pa\u00eds&nbsp;ha sido determinante para el desarrollo de emprendimientos, asociaciones y esquemas de prestaci\u00f3n del servicio que hoy hacen parte integral de la gesti\u00f3n de residuos.<\/p>\n\n\n\n<p><em>\u201cLos recicladores de oficio son actores clave en<\/em><em>&nbsp;la sostenibilidad ambiental y en especial en<\/em><em>&nbsp;la correcta gesti\u00f3n de los residuos en Colombia. Su trabajo evita que<\/em><em>, al a\u00f1o, millones de<\/em><em>&nbsp;toneladas de materiales reciclables se dispongan de forma inadecuada.&nbsp;<\/em><em>Acercarnos y&nbsp;<\/em><em>conocer a los recicladores de nuestros hogares o lugares de trabajo y r<\/em><em>econocer su labor es fundamental para seguir avanzando hacia un sistema m\u00e1s eficiente, inclusivo y sostenible\u201d<\/em>, se\u00f1al\u00f3&nbsp;<strong>Daniel Mitchell, presidente ejecutivo de Acopl\u00e1sticos<\/strong>.<\/p>\n\n\n\n<p>Desde Acopl\u00e1sticos,&nbsp;se han desarrollado herramientas e iniciativas orientadas a visibilizar y fortalecer la labor de los recicladores, como el Directorio Colombiano de Reciclaje de Pl\u00e1sticos,&nbsp;la campa\u00f1a \u201cSi lo usas bien, todo bien\u201d, el Observatorio de Econom\u00eda Circular de los Pl\u00e1sticos&nbsp;PlasTIC(<a rel=\"noreferrer noopener\" target=\"_blank\" href=\"http:\/\/www.plas-tic.org\/\">www.plas-tic.org<\/a>) y el fortalecimiento de organizaciones de reciclaje a trav\u00e9s de convocatorias y proyectos conjuntos. Estas herramientas buscan&nbsp;dinamizar los mercados del reciclaje y acelerar la transici\u00f3n hacia la econom\u00eda circular.<\/p>\n\n\n\n<p><\/p>\n","protected":false},"excerpt":{"rendered":"<p>En Colombia se aprovechan cerca de 2,4 millones de toneladas de residuos al a\u00f1o, de acuerdo con los reportes oficiales m\u00e1s recientes de la Superintendencia de Servicios P\u00fablicos Domiciliarios. Bogot\u00e1, 25 de febrero de 2026. En el D\u00eda Mundial del Reciclador, Acopl\u00e1sticos pone en el centro de la conversaci\u00f3n p\u00fablica el rol estrat\u00e9gico que cumplen&#8230;<\/p>\n","protected":false},"author":5,"featured_media":19916,"comment_status":"closed","ping_status":"closed","sticky":false,"template":"","format":"standard","meta":{"_FSMCFIC_featured_image_caption":"","_FSMCFIC_featured_image_nocaption":"","_FSMCFIC_featured_image_hide":"","footnotes":""},"categories":[22],"tags":[],"class_list":["post-19915","post","type-post","status-publish","format-standard","has-post-thumbnail","hentry","category-el_resto"],"_links":{"self":[{"href":"https:\/\/economiaconedmer.com\/economiaenserio\/wp-json\/wp\/v2\/posts\/19915","targetHints":{"allow":["GET"]}}],"collection":[{"href":"https:\/\/economiaconedmer.com\/economiaenserio\/wp-json\/wp\/v2\/posts"}],"about":[{"href":"https:\/\/economiaconedmer.com\/economiaenserio\/wp-json\/wp\/v2\/types\/post"}],"author":[{"embeddable":true,"href":"https:\/\/economiaconedmer.com\/economiaenserio\/wp-json\/wp\/v2\/users\/5"}],"replies":[{"embeddable":true,"href":"https:\/\/economiaconedmer.com\/economiaenserio\/wp-json\/wp\/v2\/comments?post=19915"}],"version-history":[{"count":2,"href":"https:\/\/economiaconedmer.com\/economiaenserio\/wp-json\/wp\/v2\/posts\/19915\/revisions"}],"predecessor-version":[{"id":19919,"href":"https:\/\/economiaconedmer.com\/economiaenserio\/wp-json\/wp\/v2\/posts\/19915\/revisions\/19919"}],"wp:featuredmedia":[{"embeddable":true,"href":"https:\/\/economiaconedmer.com\/economiaenserio\/wp-json\/wp\/v2\/media\/19916"}],"wp:attachment":[{"href":"https:\/\/economiaconedmer.com\/economiaenserio\/wp-json\/wp\/v2\/media?parent=19915"}],"wp:term":[{"taxonomy":"category","embeddable":true,"href":"https:\/\/economiaconedmer.com\/economiaenserio\/wp-json\/wp\/v2\/categories?post=19915"},{"taxonomy":"post_tag","embeddable":true,"href":"https:\/\/economiaconedmer.com\/economiaenserio\/wp-json\/wp\/v2\/tags?post=19915"}],"curies":[{"name":"wp","href":"https:\/\/api.w.org\/{rel}","templated":true}]}}