{"id":19770,"date":"2026-02-17T19:30:36","date_gmt":"2026-02-18T00:30:36","guid":{"rendered":"https:\/\/economiaconedmer.com\/economiaenserio\/?p=19770"},"modified":"2026-02-17T19:32:35","modified_gmt":"2026-02-18T00:32:35","slug":"bogota-y-medellin-donde-mas-se-rentan-vehiculos","status":"publish","type":"post","link":"https:\/\/economiaconedmer.com\/economiaenserio\/02\/17\/bogota-y-medellin-donde-mas-se-rentan-vehiculos\/el_resto\/2026\/","title":{"rendered":"Bogot\u00e1 y Medell\u00edn, donde m\u00e1s rentan veh\u00edculos para irse de turismo por el pa\u00eds"},"content":{"rendered":"\n<p><strong>Medell\u00edn, febrero 17 de 2026<\/strong>. El turismo internacional contin\u00faa consolid\u00e1ndose como uno de los motores de la econom\u00eda en Colombia. De acuerdo con informaci\u00f3n del Ministerio de Comercio, Industria y Turismo y Migraci\u00f3n Colombia, el pa\u00eds cerrar\u00eda 2025 con m\u00e1s de 21,7 millones de viajeros internacionales, lo que representa un crecimiento superior al 6% frente a 2024. <\/p>\n\n\n\n<p>En un contexto en el que Colombia se consolida en el radar regional como un destino destacado, el aumento del flujo de viajeros pone en primer plano un factor decisivo para la experiencia: la movilidad al interior del pa\u00eds. Es decir, c\u00f3mo se desplazan los turistas dentro del pa\u00eds para conectar ciudades y recorrer distintas rutas.<\/p>\n\n\n\n<p>En ese contexto, el alquiler de veh\u00edculos se consolida como una opci\u00f3n de viaje, especialmente para itinerarios multidestino, al facilitar el acceso a rutas regionales y ampliar experiencias m\u00e1s all\u00e1 de los centros urbanos. De acuerdo con cifras de Localiza Rent a Car, franquicia operada por Renting Colombia, durante 2025 se registraron 111.505 contratos de renta tur\u00edstica de veh\u00edculos y 78.560 clientes. M\u00e1s all\u00e1 del volumen anual, el dato que marca la conversaci\u00f3n es la concentraci\u00f3n geogr\u00e1fica de la demanda: ocho ciudades reunieron 92.630 contratos, equivalentes al 83% del total del a\u00f1o, mientras que otras plazas aportaron 18.875 contratos (17%).<\/p>\n\n\n\n<p>En el detalle por destinos, Bogot\u00e1 lider\u00f3 con 27.756 contratos, lo que representa cerca del 25% del total nacional,1 de cada 4 rentas. Le siguieron Rionegro con 16.171 y Medell\u00edn con 14.406; en conjunto, estas tres plazas agruparon el 52% de las rentas de 2025, reafirmando su papel como nodos de entrada y conexi\u00f3n para recorridos tur\u00edsticos. El resto del top lo completaron Cartagena (9.613), Santa Marta (7.008), Palmira (6.083), Barranquilla (5.864) y Pereira (5.729).<\/p>\n\n\n\n<p>\u201c<em>Estos resultados muestran que, para muchos viajeros, la movilidad ya es parte del dise\u00f1o del itinerario porque buscan decidir su ritmo, enlazar destinos y optimizar tiempos. Por eso, m\u00e1s que un servicio complementario, el alquiler de veh\u00edculos se vuelve una pieza pr\u00e1ctica para convertir el plan de viaje en recorrido real<\/em>\u201d, se\u00f1al\u00f3 Diego Avenda\u00f1o, l\u00edder de Localiza Rent a Car.<\/p>\n\n\n\n<p>El informe tambi\u00e9n identifica que la demanda tiende a concentrarse en meses de alta movilidad como enero, julio, agosto, noviembre y diciembre, al ser temporadas habituales de vacaciones y descanso para las familias. En cuanto al patr\u00f3n de uso, se mantiene la preferencia por veh\u00edculos en la categor\u00eda intermedio autom\u00e1tico, con alquileres promedio de alrededor de 3 d\u00edas para clientes colombianos y superiores a 5 d\u00edas en viajeros extranjeros, lo que refuerza el v\u00ednculo entre renta vehicular y turismo receptivo.<\/p>\n\n\n\n<p>Este panorama cobra especial relevancia de cara a la Vitrina Tur\u00edstica ANATO 2026, que se realizar\u00e1 del 25 al 27 de febrero en Corferias (Bogot\u00e1). Considerada el evento m\u00e1s importante del sector turismo en Colombia y uno de los m\u00e1s relevantes de Latinoam\u00e9rica, la feria reunir\u00e1 a la cadena de valor \u2014agencias, hoteles, aerol\u00edneas, operadores, destinos y actores de movilidad\u2014 y funciona como un term\u00f3metro para entender hacia d\u00f3nde se mueve la industria: qu\u00e9 busca el viajero, qu\u00e9 destinos ganan tracci\u00f3n y qu\u00e9 condiciones deben fortalecerse para que el crecimiento del turismo se traduzca en experiencias efectivas en territorio.<\/p>\n\n\n\n<p>En este contexto, empresas de movilidad como Localiza Rent a Car, que har\u00e1 parte de los expositores de ANATO 2026, participan en la articulaci\u00f3n del sector alrededor de uno de los factores cada vez m\u00e1s determinantes para el turismo: la conectividad y las alternativas de transporte para recorrer el pa\u00eds.<\/p>\n\n\n\n<p>Podemos decir as\u00ed que, la movilidad aparece como un factor transversal en donde los alquileres tur\u00edsticos en las principales ciudades no solo sugieren m\u00e1s desplazamientos, sino una mayor b\u00fasqueda de flexibilidad para enlazar rutas, optimizar tiempos y ampliar itinerarios.<\/p>\n\n\n\n<p>\u201c<em>Si la meta es consolidar el crecimiento del turismo en 2026, ser\u00e1 clave que el viajero encuentre opciones de transporte confiables y \u00e1giles para moverse entre ciudades y as\u00ed poder explorar m\u00e1s destinos en un mismo viaje. En ese sentido, este tipo de encuentros internacionales contribuye a alinear capacidades del sector y a impulsar las apuestas nacionales<\/em>\u201d, afirma, Diego Avenda\u00f1o.<\/p>\n\n\n\n<p>Con un turismo en expansi\u00f3n y viajeros que buscan recorrer m\u00e1s y mucho mejor, las cifras de rentas en las principales ciudades dejan un panorama para 2026: la movilidad flexible seguir\u00e1 ganando peso como parte de la experiencia tur\u00edstica. El reto ser\u00e1 responder a esa demanda con procesos cada vez m\u00e1s simples y digitales, mayor disponibilidad en temporadas altas y una oferta que facilite el viaje sin fricciones, para que el crecimiento del turismo se convierta en m\u00e1s recorridos, mayor conexi\u00f3n entre destinos y un impacto econ\u00f3mico m\u00e1s amplio en las regiones.<\/p>\n","protected":false},"excerpt":{"rendered":"<p>Medell\u00edn, febrero 17 de 2026. El turismo internacional contin\u00faa consolid\u00e1ndose como uno de los motores de la econom\u00eda en Colombia. De acuerdo con informaci\u00f3n del Ministerio de Comercio, Industria y Turismo y Migraci\u00f3n Colombia, el pa\u00eds cerrar\u00eda 2025 con m\u00e1s de 21,7 millones de viajeros internacionales, lo que representa un crecimiento superior al 6% frente&#8230;<\/p>\n","protected":false},"author":9,"featured_media":19771,"comment_status":"closed","ping_status":"closed","sticky":false,"template":"","format":"standard","meta":{"_FSMCFIC_featured_image_caption":"","_FSMCFIC_featured_image_nocaption":"","_FSMCFIC_featured_image_hide":"","footnotes":""},"categories":[22],"tags":[],"class_list":["post-19770","post","type-post","status-publish","format-standard","has-post-thumbnail","hentry","category-el_resto"],"_links":{"self":[{"href":"https:\/\/economiaconedmer.com\/economiaenserio\/wp-json\/wp\/v2\/posts\/19770","targetHints":{"allow":["GET"]}}],"collection":[{"href":"https:\/\/economiaconedmer.com\/economiaenserio\/wp-json\/wp\/v2\/posts"}],"about":[{"href":"https:\/\/economiaconedmer.com\/economiaenserio\/wp-json\/wp\/v2\/types\/post"}],"author":[{"embeddable":true,"href":"https:\/\/economiaconedmer.com\/economiaenserio\/wp-json\/wp\/v2\/users\/9"}],"replies":[{"embeddable":true,"href":"https:\/\/economiaconedmer.com\/economiaenserio\/wp-json\/wp\/v2\/comments?post=19770"}],"version-history":[{"count":3,"href":"https:\/\/economiaconedmer.com\/economiaenserio\/wp-json\/wp\/v2\/posts\/19770\/revisions"}],"predecessor-version":[{"id":19774,"href":"https:\/\/economiaconedmer.com\/economiaenserio\/wp-json\/wp\/v2\/posts\/19770\/revisions\/19774"}],"wp:featuredmedia":[{"embeddable":true,"href":"https:\/\/economiaconedmer.com\/economiaenserio\/wp-json\/wp\/v2\/media\/19771"}],"wp:attachment":[{"href":"https:\/\/economiaconedmer.com\/economiaenserio\/wp-json\/wp\/v2\/media?parent=19770"}],"wp:term":[{"taxonomy":"category","embeddable":true,"href":"https:\/\/economiaconedmer.com\/economiaenserio\/wp-json\/wp\/v2\/categories?post=19770"},{"taxonomy":"post_tag","embeddable":true,"href":"https:\/\/economiaconedmer.com\/economiaenserio\/wp-json\/wp\/v2\/tags?post=19770"}],"curies":[{"name":"wp","href":"https:\/\/api.w.org\/{rel}","templated":true}]}}