{"id":19535,"date":"2026-01-30T21:59:07","date_gmt":"2026-01-31T02:59:07","guid":{"rendered":"https:\/\/economiaconedmer.com\/economiaenserio\/?p=19535"},"modified":"2026-01-30T22:01:17","modified_gmt":"2026-01-31T03:01:17","slug":"alza-del-minimo-encarecio-el-credito-emisor-subio-su-tasa-a-1025","status":"publish","type":"post","link":"https:\/\/economiaconedmer.com\/economiaenserio\/01\/30\/alza-del-minimo-encarecio-el-credito-emisor-subio-su-tasa-a-1025\/el_bolsillo\/2026\/","title":{"rendered":"Alza del m\u00ednimo encareci\u00f3 el cr\u00e9dito: Emisor subi\u00f3 su tasa a 10,25%"},"content":{"rendered":"\n<p>El alza del 23,7% en el salario m\u00ednimo del 2025 en Colombia, empez\u00f3 a pasarles factura a los consumidores. Ahora no solamente tienen que comprar productos y servicios m\u00e1s caros, sino que deber\u00e1n pagar tasas de inter\u00e9s m\u00e1s altas por el uso de tarjetas de cr\u00e9dito y de las dem\u00e1s modalidades de endeudamiento, tales como hipotecario y compra de bienes durables.<\/p>\n\n\n\n<p>Basada en informaci\u00f3n confiable suministrada  por el equipo t\u00e9cnico del Banco la Rep\u00fablica, los codirectores decidieron incrementar la tasa de referencia del 9,25% al 10,25%, lo que constituye un retroceso y un punto de quiebre en el costos de cr\u00e9dito para los colombianos.<\/p>\n\n\n\n<p>La tasa de inter\u00e9s permaneci\u00f3 estable en 9,25% desde abril de 2025, hasta este viernes 30 de enero de 2026, debido a que la inflaci\u00f3n se estabiliz\u00f3 por encima del 5%, y solo en un par de meses del ano pasado rompi\u00f3 ese piso. A\u00fan as\u00ed, en los \u00faltimos 12 meses, a 31 de diciembre, el IPC anual cerr\u00f3 en 5,1%, resultado muy superior a la meta objetivo del Emisor, que se encuentra en un rango de entre 2% y 4%, para una media de 3%.,<\/p>\n\n\n\n<p>La decisi\u00f3n del Emisor no cay\u00f3 nada bien en el Gobierno, ya que el presidente Gustavo Petro ha venido pidiendo una reducci\u00f3n de la tasa de referencia fijada por esa entidad, con el fin de darle un impulso al crecimiento econ\u00f3mico, que para el 2025, se estima en una cifra cercana al 3%.<\/p>\n\n\n\n<p>Las junta del Banrep\u00fablica hab\u00eda anticipado un posible reajuste de su  tasa de inter\u00e9s, en respuesta a las se\u00f1ales de incremento de la inflaci\u00f3n que se pueda registrar en enero del 2026, como resultado del incremento salarial. El dato oficial lo revelar\u00e1 el Dane a finales de la primera semana de febrero.  <\/p>\n\n\n\n<p>Cabe recordar que el presidente Petro ha insistido en que el aumento de 23,7% en el salario m\u00ednimo no afectar\u00e1 los precios de la canasta familiar, e incluso est\u00e1 pidiendo que algunos servicios que se reajustan con base en el incremento salarial, se realicen ahora teniendo como referencia el IPC causado el a\u00f1o anterior.<\/p>\n\n\n\n<p>De la misma manera, el Gobierno ha dicho que no hay raz\u00f3n para que los precios de los alimentos suban, lo que ha ocasionado malestar entre los campesinos, que son quienes producen la mayor\u00eda de los alimentos, porque ahora deben pagar jornales m\u00e1s caros y el Gobierno les pide que vendan sus cosechas m\u00e1s barato.<\/p>\n\n\n\n<p>La decisi\u00f3n del Emisor, es una se\u00f1al de que inflaci\u00f3n de enero estuvo por encima de lo esperado, y empieza a formar una tendencia creciente que podr\u00eda prolongarse por los primeros seis meses del a\u00f1o, mientras el mercado absorbe el efecto del aumento del salario m\u00ednimo.<\/p>\n\n\n\n<p>En conclusi\u00f3n, el reajuste salarial de la magnitud decretada por el Gobierno ha comenzado a evidenciar un efecto negativo para la econom\u00eda, que podr\u00eda revertir la tendencia decreciente del desempleo, que tiene muy satisfecho al Ejecutivo.<\/p>\n\n\n\n<p>Lo que est\u00e1 claro por ahora, es que vienen meses m\u00e1s dif\u00edciles para el bolsillo de los colombianos, especialmente los de menores ingresos, a pesar de que el Gobierno se dio la pela de garantizarles un ingreso mensual que ya lleg\u00f3 al segundo mill\u00f3n.  <\/p>\n","protected":false},"excerpt":{"rendered":"<p>El alza del 23,7% en el salario m\u00ednimo del 2025 en Colombia, empez\u00f3 a pasarles factura a los consumidores. Ahora no solamente tienen que comprar productos y servicios m\u00e1s caros, sino que deber\u00e1n pagar tasas de inter\u00e9s m\u00e1s altas por el uso de tarjetas de cr\u00e9dito y de las dem\u00e1s modalidades de endeudamiento, tales como&#8230;<\/p>\n","protected":false},"author":5,"featured_media":19537,"comment_status":"closed","ping_status":"closed","sticky":false,"template":"","format":"standard","meta":{"_FSMCFIC_featured_image_caption":"","_FSMCFIC_featured_image_nocaption":"","_FSMCFIC_featured_image_hide":"","footnotes":""},"categories":[2],"tags":[],"class_list":["post-19535","post","type-post","status-publish","format-standard","has-post-thumbnail","hentry","category-el_bolsillo"],"_links":{"self":[{"href":"https:\/\/economiaconedmer.com\/economiaenserio\/wp-json\/wp\/v2\/posts\/19535","targetHints":{"allow":["GET"]}}],"collection":[{"href":"https:\/\/economiaconedmer.com\/economiaenserio\/wp-json\/wp\/v2\/posts"}],"about":[{"href":"https:\/\/economiaconedmer.com\/economiaenserio\/wp-json\/wp\/v2\/types\/post"}],"author":[{"embeddable":true,"href":"https:\/\/economiaconedmer.com\/economiaenserio\/wp-json\/wp\/v2\/users\/5"}],"replies":[{"embeddable":true,"href":"https:\/\/economiaconedmer.com\/economiaenserio\/wp-json\/wp\/v2\/comments?post=19535"}],"version-history":[{"count":1,"href":"https:\/\/economiaconedmer.com\/economiaenserio\/wp-json\/wp\/v2\/posts\/19535\/revisions"}],"predecessor-version":[{"id":19536,"href":"https:\/\/economiaconedmer.com\/economiaenserio\/wp-json\/wp\/v2\/posts\/19535\/revisions\/19536"}],"wp:featuredmedia":[{"embeddable":true,"href":"https:\/\/economiaconedmer.com\/economiaenserio\/wp-json\/wp\/v2\/media\/19537"}],"wp:attachment":[{"href":"https:\/\/economiaconedmer.com\/economiaenserio\/wp-json\/wp\/v2\/media?parent=19535"}],"wp:term":[{"taxonomy":"category","embeddable":true,"href":"https:\/\/economiaconedmer.com\/economiaenserio\/wp-json\/wp\/v2\/categories?post=19535"},{"taxonomy":"post_tag","embeddable":true,"href":"https:\/\/economiaconedmer.com\/economiaenserio\/wp-json\/wp\/v2\/tags?post=19535"}],"curies":[{"name":"wp","href":"https:\/\/api.w.org\/{rel}","templated":true}]}}