{"id":19524,"date":"2026-01-30T18:14:21","date_gmt":"2026-01-30T23:14:21","guid":{"rendered":"https:\/\/economiaconedmer.com\/economiaenserio\/?p=19524"},"modified":"2026-01-30T21:17:29","modified_gmt":"2026-01-31T02:17:29","slug":"el-desempleo-de-2025-cerro-en-89-en-colombia","status":"publish","type":"post","link":"https:\/\/economiaconedmer.com\/economiaenserio\/01\/30\/el-desempleo-de-2025-cerro-en-89-en-colombia\/el_resto\/2026\/","title":{"rendered":"El desempleo de 2025 cerr\u00f3 en 8,9% en Colombia"},"content":{"rendered":"\n<p><strong>Bogot\u00e1, 30 de enero de 2026<\/strong>. El desempleo en Colombia cerr\u00f3 en 8,9% en 2025, cifra inferior a la registrada un a\u00f1o atr\u00e1s, cuando se ubic\u00f3 en 10,2%.<\/p>\n\n\n\n<p>Seg\u00fan las cifras del Dane, la poblaci\u00f3n ocupada aument\u00f3 en 603 mil personas en diciembre pasado, lo que equivale a un 2,6% m\u00e1s respecto al a\u00f1o anterior.<\/p>\n\n\n\n<p>Las ciudades que presentaron mayores tasas de desocupaci\u00f3n promedio de  2025 fueron: Quibd\u00f3 (27,1%), Tumaco (26,1%) y Buenaventura (23,9%). En contraste, las ciudades que mostraron menores tasas de desocupaci\u00f3n fueron: Leticia (3,9%), Rionegro (4,8%) y Mit\u00fa (6,2%).<\/p>\n\n\n\n<figure class=\"wp-block-image size-large\"><img loading=\"lazy\" decoding=\"async\" width=\"300\" height=\"165\" src=\"https:\/\/economiaconedmer.com\/economiaenserio\/wp-content\/uploads\/2026\/01\/sin-trabajo-300x165.png\" alt=\"\" class=\"wp-image-19525\" srcset=\"https:\/\/economiaconedmer.com\/economiaenserio\/wp-content\/uploads\/2026\/01\/sin-trabajo-300x165.png 300w, https:\/\/economiaconedmer.com\/economiaenserio\/wp-content\/uploads\/2026\/01\/sin-trabajo-250x138.png 250w, https:\/\/economiaconedmer.com\/economiaenserio\/wp-content\/uploads\/2026\/01\/sin-trabajo-768x424.png 768w, https:\/\/economiaconedmer.com\/economiaenserio\/wp-content\/uploads\/2026\/01\/sin-trabajo.png 970w\" sizes=\"auto, (max-width: 300px) 100vw, 300px\" \/><\/figure>\n\n\n\n<p>Mar\u00eda Claudia Lacouture, presidente de Amcham, dijo que aunque en Colombia \u00abbaja el desempleo, por cada 10 empleos formales creados en 2025, se generaron 13 informales, es decir, sin aportes a salud y pensi\u00f3n no hay futuro que aguante\u201d.<\/p>\n","protected":false},"excerpt":{"rendered":"<p>Bogot\u00e1, 30 de enero de 2026. El desempleo en Colombia cerr\u00f3 en 8,9% en 2025, cifra inferior a la registrada un a\u00f1o atr\u00e1s, cuando se ubic\u00f3 en 10,2%. Seg\u00fan las cifras del Dane, la poblaci\u00f3n ocupada aument\u00f3 en 603 mil personas en diciembre pasado, lo que equivale a un 2,6% m\u00e1s respecto al a\u00f1o anterior&#8230;.<\/p>\n","protected":false},"author":5,"featured_media":19528,"comment_status":"closed","ping_status":"closed","sticky":false,"template":"","format":"standard","meta":{"_FSMCFIC_featured_image_caption":"","_FSMCFIC_featured_image_nocaption":"","_FSMCFIC_featured_image_hide":"","footnotes":""},"categories":[22],"tags":[],"class_list":["post-19524","post","type-post","status-publish","format-standard","has-post-thumbnail","hentry","category-el_resto"],"_links":{"self":[{"href":"https:\/\/economiaconedmer.com\/economiaenserio\/wp-json\/wp\/v2\/posts\/19524","targetHints":{"allow":["GET"]}}],"collection":[{"href":"https:\/\/economiaconedmer.com\/economiaenserio\/wp-json\/wp\/v2\/posts"}],"about":[{"href":"https:\/\/economiaconedmer.com\/economiaenserio\/wp-json\/wp\/v2\/types\/post"}],"author":[{"embeddable":true,"href":"https:\/\/economiaconedmer.com\/economiaenserio\/wp-json\/wp\/v2\/users\/5"}],"replies":[{"embeddable":true,"href":"https:\/\/economiaconedmer.com\/economiaenserio\/wp-json\/wp\/v2\/comments?post=19524"}],"version-history":[{"count":3,"href":"https:\/\/economiaconedmer.com\/economiaenserio\/wp-json\/wp\/v2\/posts\/19524\/revisions"}],"predecessor-version":[{"id":19531,"href":"https:\/\/economiaconedmer.com\/economiaenserio\/wp-json\/wp\/v2\/posts\/19524\/revisions\/19531"}],"wp:featuredmedia":[{"embeddable":true,"href":"https:\/\/economiaconedmer.com\/economiaenserio\/wp-json\/wp\/v2\/media\/19528"}],"wp:attachment":[{"href":"https:\/\/economiaconedmer.com\/economiaenserio\/wp-json\/wp\/v2\/media?parent=19524"}],"wp:term":[{"taxonomy":"category","embeddable":true,"href":"https:\/\/economiaconedmer.com\/economiaenserio\/wp-json\/wp\/v2\/categories?post=19524"},{"taxonomy":"post_tag","embeddable":true,"href":"https:\/\/economiaconedmer.com\/economiaenserio\/wp-json\/wp\/v2\/tags?post=19524"}],"curies":[{"name":"wp","href":"https:\/\/api.w.org\/{rel}","templated":true}]}}