{"id":19521,"date":"2026-01-30T17:49:27","date_gmt":"2026-01-30T22:49:27","guid":{"rendered":"https:\/\/economiaconedmer.com\/economiaenserio\/?p=19521"},"modified":"2026-01-30T17:49:27","modified_gmt":"2026-01-30T22:49:27","slug":"giro-de-italia-llega-por-primera-vez-a-colombia","status":"publish","type":"post","link":"https:\/\/economiaconedmer.com\/economiaenserio\/01\/30\/giro-de-italia-llega-por-primera-vez-a-colombia\/el_resto\/2026\/","title":{"rendered":"Giro de Italia llega por\u00a0primera vez\u00a0a Colombia"},"content":{"rendered":"\n<p><strong>Bogot\u00e1, enero 30 de 2026.<\/strong>\u00a0El pr\u00f3ximo 1 de marzo de 2026, el pa\u00eds vivir\u00e1 un hito hist\u00f3rico en su agenda deportiva con la llegada, por primera vez, del Giro de Italia, una de las pruebas m\u00e1s prestigiosas del calendario internacional. La cita se realizar\u00e1 a trav\u00e9s del\u00a0<em>Gran Fondo Giro\u00a0d\u2019Italia\u00a0Ride\u00a0Like\u00a0a Pro<\/em>, en Cundinamarca, con salida y llegada en la Represa del\u00a0Tomin\u00e9, entre los municipios de Guatavita y Sesquil\u00e9.\u00a0<\/p>\n\n\n\n<p>Esta llegada es posible gracias al trabajo conjunto con la C\u00e1mara de Comercio Italiana en Colombia y contar\u00e1 con la presencia en el pa\u00eds de los organizadores oficiales de la carrera, quienes liderar\u00e1n una propuesta que conecta deporte, cultura y territorio.&nbsp;<\/p>\n\n\n\n<p>El Gran Fondo rinde homenaje a una relaci\u00f3n hist\u00f3rica entre Italia y Colombia construida durante m\u00e1s de cinco d\u00e9cadas alrededor del ciclismo. Un v\u00ednculo marcado por el protagonismo de ciclistas colombianos en la Corsa Rosa, desde los primeros hitos de Mart\u00edn Cochise Rodr\u00edguez y Rafael Ni\u00f1o, pasando por referentes como Lucho Herrera y Fabio Parra, hasta campeones y podios hist\u00f3ricos alcanzados por Nairo Quintana, Rigoberto Ur\u00e1n, Egan Bernal y Esteban Chaves, consolidando al pa\u00eds como una potencia mundial en este deporte.&nbsp;<\/p>\n\n\n\n<p>\u201cLa llegada del Giro de Italia a Colombia representa mucho m\u00e1s que una competencia deportiva. Es la celebraci\u00f3n de una relaci\u00f3n hist\u00f3rica entre Italia y Colombia, construida a trav\u00e9s del ciclismo, la industria y una visi\u00f3n compartida de desarrollo deportivo y cultural. Colombia ha sido protagonista de la historia del Giro durante d\u00e9cadas, y traer esta experiencia al pa\u00eds es una forma de rendir homenaje a ese legado y de acercar el esp\u00edritu de la Corsa Rosa a miles de ciclistas y familias\u201d, afirm\u00f3&nbsp;Angelo&nbsp;Globo, vocero de la C\u00e1mara de Comercio Italiana en Colombia y del Giro de Italia en el pa\u00eds.&nbsp;<\/p>\n\n\n\n<p>El Gran Fondo Giro&nbsp;d\u2019Italia&nbsp;Ride&nbsp;Like&nbsp;a Pro est\u00e1 dise\u00f1ado como una competencia para ciclistas amateurs, no necesariamente profesionales, que buscan vivir el ciclismo de alto nivel en un formato accesible. La jornada contar\u00e1 con dos recorridos: el Gran Fondo, de 132 kil\u00f3metros, y el Medio Fondo, de 84 kil\u00f3metros, ambos con cierre total de v\u00edas, cronometraje oficial, asistencia m\u00e9dica y puntos de abastecimiento, atravesando municipios como Sesquil\u00e9, Machet\u00e1,&nbsp;Tibirita&nbsp;y Guateque.&nbsp;<\/p>\n\n\n\n<p>Las inscripciones ya se encuentran abiertas a trav\u00e9s de la p\u00e1gina web oficial.&nbsp;El valor de participaci\u00f3n es de $640.000 hasta el 31 de enero de 2026 y de $690.000 a partir de febrero de 2026. La inscripci\u00f3n incluye la participaci\u00f3n en el sorteo de dos viajes con todos los gastos pagos al Giro de Italia 2026.&nbsp;<\/p>\n\n\n\n<p>M\u00e1s all\u00e1 del recorrido competitivo, el Gran Fondo Giro&nbsp;d\u2019Italia&nbsp;Ride&nbsp;Like&nbsp;a Pro ha sido concebido como una experiencia familiar e integral, que combina ciclismo con actividades culturales, gastron\u00f3micas y tur\u00edsticas, pensadas tanto para participantes como para acompa\u00f1antes. Toda la informaci\u00f3n relacionada con el&nbsp;Village, la programaci\u00f3n cultural y la oferta tur\u00edstica est\u00e1 disponible en:&nbsp;<a rel=\"noreferrer noopener\" target=\"_blank\" href=\"https:\/\/www.giroditalia-ridelikeapro-colombia.com\/village\">https:\/\/www.giroditalia-ridelikeapro-colombia.com\/village<\/a>&nbsp;<\/p>\n\n\n\n<p>Con esta primera edici\u00f3n en el pa\u00eds, el Giro de Italia refuerza los lazos hist\u00f3ricos, deportivos y econ\u00f3micos entre Italia y Colombia, y posiciona a Cundinamarca&nbsp;como un escenario clave para el ciclismo internacional y el desarrollo de experiencias deportivas de clase mundial.&nbsp;<\/p>\n","protected":false},"excerpt":{"rendered":"<p>Bogot\u00e1, enero 30 de 2026.\u00a0El pr\u00f3ximo 1 de marzo de 2026, el pa\u00eds vivir\u00e1 un hito hist\u00f3rico en su agenda deportiva con la llegada, por primera vez, del Giro de Italia, una de las pruebas m\u00e1s prestigiosas del calendario internacional. La cita se realizar\u00e1 a trav\u00e9s del\u00a0Gran Fondo Giro\u00a0d\u2019Italia\u00a0Ride\u00a0Like\u00a0a Pro, en Cundinamarca, con salida y&#8230;<\/p>\n","protected":false},"author":5,"featured_media":19522,"comment_status":"closed","ping_status":"closed","sticky":false,"template":"","format":"standard","meta":{"_FSMCFIC_featured_image_caption":"","_FSMCFIC_featured_image_nocaption":"","_FSMCFIC_featured_image_hide":"","footnotes":""},"categories":[22],"tags":[],"class_list":["post-19521","post","type-post","status-publish","format-standard","has-post-thumbnail","hentry","category-el_resto"],"_links":{"self":[{"href":"https:\/\/economiaconedmer.com\/economiaenserio\/wp-json\/wp\/v2\/posts\/19521","targetHints":{"allow":["GET"]}}],"collection":[{"href":"https:\/\/economiaconedmer.com\/economiaenserio\/wp-json\/wp\/v2\/posts"}],"about":[{"href":"https:\/\/economiaconedmer.com\/economiaenserio\/wp-json\/wp\/v2\/types\/post"}],"author":[{"embeddable":true,"href":"https:\/\/economiaconedmer.com\/economiaenserio\/wp-json\/wp\/v2\/users\/5"}],"replies":[{"embeddable":true,"href":"https:\/\/economiaconedmer.com\/economiaenserio\/wp-json\/wp\/v2\/comments?post=19521"}],"version-history":[{"count":1,"href":"https:\/\/economiaconedmer.com\/economiaenserio\/wp-json\/wp\/v2\/posts\/19521\/revisions"}],"predecessor-version":[{"id":19523,"href":"https:\/\/economiaconedmer.com\/economiaenserio\/wp-json\/wp\/v2\/posts\/19521\/revisions\/19523"}],"wp:featuredmedia":[{"embeddable":true,"href":"https:\/\/economiaconedmer.com\/economiaenserio\/wp-json\/wp\/v2\/media\/19522"}],"wp:attachment":[{"href":"https:\/\/economiaconedmer.com\/economiaenserio\/wp-json\/wp\/v2\/media?parent=19521"}],"wp:term":[{"taxonomy":"category","embeddable":true,"href":"https:\/\/economiaconedmer.com\/economiaenserio\/wp-json\/wp\/v2\/categories?post=19521"},{"taxonomy":"post_tag","embeddable":true,"href":"https:\/\/economiaconedmer.com\/economiaenserio\/wp-json\/wp\/v2\/tags?post=19521"}],"curies":[{"name":"wp","href":"https:\/\/api.w.org\/{rel}","templated":true}]}}