{"id":19507,"date":"2026-01-30T10:51:58","date_gmt":"2026-01-30T15:51:58","guid":{"rendered":"https:\/\/economiaconedmer.com\/economiaenserio\/?p=19507"},"modified":"2026-01-30T10:54:10","modified_gmt":"2026-01-30T15:54:10","slug":"gasto-escolar-de-inicio-de-ano-es-de-unos-500-mil-por-cada-estudiante-en-colombia","status":"publish","type":"post","link":"https:\/\/economiaconedmer.com\/economiaenserio\/01\/30\/gasto-escolar-de-inicio-de-ano-es-de-unos-500-mil-por-cada-estudiante-en-colombia\/el_resto\/2026\/","title":{"rendered":"Gasto escolar de inicio de a\u00f1o es de unos $500 mil por cada estudiante, en Colombia"},"content":{"rendered":"\n<p>Bogot\u00e1, enero 29 de 2026. El inicio del a\u00f1o escolar se ha consolidado como uno de los momentos clave para el consumo familiar en Colombia, caracterizado por una mayor planificaci\u00f3n del gasto y una b\u00fasqueda consciente de alternativas que permitan optimizar el presupuesto. Durante esta temporada, los hogares priorizan compras funcionales como \u00fatiles escolares, calzado, uniformes y maletas, evaluando precio, calidad y practicidad.<\/p>\n\n\n\n<p>De acuerdo con una encuesta de la Federaci\u00f3n Nacional de Comerciantes (Fenalco), el 43 % de las familias destina entre $300.000 y $500.000 a las compras asociadas al regreso a clases, una cifra que refleja la importancia de organizar el gasto y comparar opciones antes de tomar decisiones.<\/p>\n\n\n\n<p>\u201cHoy vemos familias m\u00e1s informadas y estrat\u00e9gicas. No se trata solo de comprar lo necesario, sino de planear, comparar y aprovechar espacios que faciliten el proceso\u201d, se\u00f1ala Martha Patricia Carre\u00f1o, gerente general de Centro Ch\u00eda, al referirse a las din\u00e1micas de consumo que se intensifican en esta \u00e9poca del a\u00f1o.<\/p>\n\n\n\n<p><strong>Claves para organizar las compras escolares<\/strong><\/p>\n\n\n\n<p>Especialistas en consumo coinciden en que una adecuada planeaci\u00f3n puede marcar una diferencia significativa en el presupuesto familiar. Algunas recomendaciones para esta temporada incluyen:<\/p>\n\n\n\n<p><strong>Priorizar lo esencial:<\/strong>&nbsp;realizar un inventario previo de \u00fatiles y prendas reutilizables.<\/p>\n\n\n\n<p><strong>Comparar precios y calidades:<\/strong>&nbsp;analizar opciones antes de decidir, especialmente en calzado y accesorios.<\/p>\n\n\n\n<p><strong>Centralizar las compras:<\/strong>&nbsp;elegir espacios que concentren varias categor\u00edas para optimizar tiempo y desplazamientos.<\/p>\n\n\n\n<p><strong>Identificar descuentos temporales:<\/strong>&nbsp;estar atentos a promociones puntuales propias de la temporada.<\/p>\n\n\n\n<p><strong>Involucrar a los ni\u00f1os en la elecci\u00f3n:<\/strong>&nbsp;contribuye a evitar compras innecesarias y favorece un uso m\u00e1s prolongado de los productos.<\/p>\n\n\n\n<p>En este contexto, los centros comerciales cumplen un rol relevante como facilitadores de experiencias de compra pr\u00e1cticas y organizadas, al concentrar distintas categor\u00edas en un mismo lugar y responder a las necesidades reales de las familias durante el regreso a clases.<\/p>\n\n\n\n<p><\/p>\n","protected":false},"excerpt":{"rendered":"<p>Bogot\u00e1, enero 29 de 2026. El inicio del a\u00f1o escolar se ha consolidado como uno de los momentos clave para el consumo familiar en Colombia, caracterizado por una mayor planificaci\u00f3n del gasto y una b\u00fasqueda consciente de alternativas que permitan optimizar el presupuesto. Durante esta temporada, los hogares priorizan compras funcionales como \u00fatiles escolares, calzado,&#8230;<\/p>\n","protected":false},"author":5,"featured_media":19509,"comment_status":"closed","ping_status":"closed","sticky":false,"template":"","format":"standard","meta":{"_FSMCFIC_featured_image_caption":"","_FSMCFIC_featured_image_nocaption":"","_FSMCFIC_featured_image_hide":"","footnotes":""},"categories":[22],"tags":[],"class_list":["post-19507","post","type-post","status-publish","format-standard","has-post-thumbnail","hentry","category-el_resto"],"_links":{"self":[{"href":"https:\/\/economiaconedmer.com\/economiaenserio\/wp-json\/wp\/v2\/posts\/19507","targetHints":{"allow":["GET"]}}],"collection":[{"href":"https:\/\/economiaconedmer.com\/economiaenserio\/wp-json\/wp\/v2\/posts"}],"about":[{"href":"https:\/\/economiaconedmer.com\/economiaenserio\/wp-json\/wp\/v2\/types\/post"}],"author":[{"embeddable":true,"href":"https:\/\/economiaconedmer.com\/economiaenserio\/wp-json\/wp\/v2\/users\/5"}],"replies":[{"embeddable":true,"href":"https:\/\/economiaconedmer.com\/economiaenserio\/wp-json\/wp\/v2\/comments?post=19507"}],"version-history":[{"count":1,"href":"https:\/\/economiaconedmer.com\/economiaenserio\/wp-json\/wp\/v2\/posts\/19507\/revisions"}],"predecessor-version":[{"id":19508,"href":"https:\/\/economiaconedmer.com\/economiaenserio\/wp-json\/wp\/v2\/posts\/19507\/revisions\/19508"}],"wp:featuredmedia":[{"embeddable":true,"href":"https:\/\/economiaconedmer.com\/economiaenserio\/wp-json\/wp\/v2\/media\/19509"}],"wp:attachment":[{"href":"https:\/\/economiaconedmer.com\/economiaenserio\/wp-json\/wp\/v2\/media?parent=19507"}],"wp:term":[{"taxonomy":"category","embeddable":true,"href":"https:\/\/economiaconedmer.com\/economiaenserio\/wp-json\/wp\/v2\/categories?post=19507"},{"taxonomy":"post_tag","embeddable":true,"href":"https:\/\/economiaconedmer.com\/economiaenserio\/wp-json\/wp\/v2\/tags?post=19507"}],"curies":[{"name":"wp","href":"https:\/\/api.w.org\/{rel}","templated":true}]}}