{"id":19499,"date":"2026-01-30T08:31:11","date_gmt":"2026-01-30T13:31:11","guid":{"rendered":"https:\/\/economiaconedmer.com\/economiaenserio\/?p=19499"},"modified":"2026-01-30T10:30:40","modified_gmt":"2026-01-30T15:30:40","slug":"frenazo-a-la-emergencia-economica","status":"publish","type":"post","link":"https:\/\/economiaconedmer.com\/economiaenserio\/01\/30\/frenazo-a-la-emergencia-economica\/el_bolsillo\/2026\/","title":{"rendered":"Frenazo a la emergencia econ\u00f3mica de Petro"},"content":{"rendered":"\n<p><strong>Bogot\u00e1, enero 29 de 2025.<\/strong> La Corte constitucional suspendi\u00f3 la vigencia de la emergencia econ\u00f3mica mientras se pronuncia de fondo. Esto significa que el Gobierno del presidente Gustavo Petro no podr\u00e1 recaudar los impuestos que  pretend\u00eda establecer mientras se defin\u00eda la constitucionalidad de la medida. <\/p>\n\n\n\n<p>La decisi\u00f3n de la Corte fue bien recibida por los empresarios, y rechazada por la Presidencia de la Rep\u00fablica, que pretend\u00eda aplicar el cobro de los impuestos incluidos en la emergencia, a\u00fan sin que se conociera el fallo acerca de la constitucionalidad de la emergencia. \u201cAhora vendr\u00e1n las consecuencias de hundir el decreto de emergencia\u201d, dijo el mandatario.<\/p>\n\n\n\n<p>El Presidente Petro dijo que la medida de la corte va en contra de los intereses de los colombianos m\u00e1s pobres y favorece a los &#8216;poderosos&#8217;. Una declaraci\u00f3n del Mnistro del Interior, Artmando Benedetti,  en el mismo sentido, fue publicada en redes sociales.<\/p>\n\n\n\n<p>Con la decisi\u00f3n de la Corte Constitucional, el Ministerio de Hacienda est\u00e1 obligado a desistir de recaudo de los impuestos, mientras el tribunal emite el fallo definitivo sobre la constitucionalidad o no de la emergencia econ\u00f3mica.<\/p>\n\n\n\n<p>Mientras estos sucede, el Gobierno tendr\u00e1 que aplazar o recortar gastos, debido a que no contar\u00e1 con los recursos que buscaba con la declaratoria de emergencia Econ\u00f3mica.<\/p>\n","protected":false},"excerpt":{"rendered":"<p>Bogot\u00e1, enero 29 de 2025. La Corte constitucional suspendi\u00f3 la vigencia de la emergencia econ\u00f3mica mientras se pronuncia de fondo. Esto significa que el Gobierno del presidente Gustavo Petro no podr\u00e1 recaudar los impuestos que pretend\u00eda establecer mientras se defin\u00eda la constitucionalidad de la medida. La decisi\u00f3n de la Corte fue bien recibida por los&#8230;<\/p>\n","protected":false},"author":5,"featured_media":19503,"comment_status":"closed","ping_status":"closed","sticky":false,"template":"","format":"standard","meta":{"_FSMCFIC_featured_image_caption":"","_FSMCFIC_featured_image_nocaption":"","_FSMCFIC_featured_image_hide":"","footnotes":""},"categories":[2],"tags":[],"class_list":["post-19499","post","type-post","status-publish","format-standard","has-post-thumbnail","hentry","category-el_bolsillo"],"_links":{"self":[{"href":"https:\/\/economiaconedmer.com\/economiaenserio\/wp-json\/wp\/v2\/posts\/19499","targetHints":{"allow":["GET"]}}],"collection":[{"href":"https:\/\/economiaconedmer.com\/economiaenserio\/wp-json\/wp\/v2\/posts"}],"about":[{"href":"https:\/\/economiaconedmer.com\/economiaenserio\/wp-json\/wp\/v2\/types\/post"}],"author":[{"embeddable":true,"href":"https:\/\/economiaconedmer.com\/economiaenserio\/wp-json\/wp\/v2\/users\/5"}],"replies":[{"embeddable":true,"href":"https:\/\/economiaconedmer.com\/economiaenserio\/wp-json\/wp\/v2\/comments?post=19499"}],"version-history":[{"count":4,"href":"https:\/\/economiaconedmer.com\/economiaenserio\/wp-json\/wp\/v2\/posts\/19499\/revisions"}],"predecessor-version":[{"id":19506,"href":"https:\/\/economiaconedmer.com\/economiaenserio\/wp-json\/wp\/v2\/posts\/19499\/revisions\/19506"}],"wp:featuredmedia":[{"embeddable":true,"href":"https:\/\/economiaconedmer.com\/economiaenserio\/wp-json\/wp\/v2\/media\/19503"}],"wp:attachment":[{"href":"https:\/\/economiaconedmer.com\/economiaenserio\/wp-json\/wp\/v2\/media?parent=19499"}],"wp:term":[{"taxonomy":"category","embeddable":true,"href":"https:\/\/economiaconedmer.com\/economiaenserio\/wp-json\/wp\/v2\/categories?post=19499"},{"taxonomy":"post_tag","embeddable":true,"href":"https:\/\/economiaconedmer.com\/economiaenserio\/wp-json\/wp\/v2\/tags?post=19499"}],"curies":[{"name":"wp","href":"https:\/\/api.w.org\/{rel}","templated":true}]}}