{"id":19446,"date":"2026-01-28T12:25:44","date_gmt":"2026-01-28T17:25:44","guid":{"rendered":"https:\/\/economiaconedmer.com\/economiaenserio\/?p=19446"},"modified":"2026-01-28T12:25:44","modified_gmt":"2026-01-28T17:25:44","slug":"primer-vuelo-del-concorde-cumplio-50-anos","status":"publish","type":"post","link":"https:\/\/economiaconedmer.com\/economiaenserio\/01\/28\/primer-vuelo-del-concorde-cumplio-50-anos\/el_resto\/2026\/","title":{"rendered":"Primer vuelo del Concorde cumpli\u00f3 50 a\u00f1os"},"content":{"rendered":"\n<p><strong>Bogot\u00e1, enero 26 de 2026<\/strong>.Se cumplen 50 a\u00f1os desde que Air France oper\u00f3 el primer vuelo comercial del Concorde con destino a Dakar y Rio de Janeiro, inaugurando una era de vuelos supers\u00f3nicos que marcaron un hito en la historia de la aviaci\u00f3n.<\/p>\n\n\n\n<p>A las 12:40 p. m. del 21 de enero de 1976, el Concorde matr\u00edcula F-BVFA despeg\u00f3 hacia R\u00edo de Janeiro, con escala en Dakar. En tan solo 7 horas y 26 minutos, Air France inaugur\u00f3 su era supers\u00f3nica, que se prolongar\u00eda por 27 a\u00f1os, hasta 2003. Con una altitud de crucero cercana a los 60.000 pies \u2014el doble que otros aviones de largo alcance\u2014 los pasajeros a bordo pudieron observar la curvatura del planeta, disfrutando de una experiencia \u00fanica en la historia de la aviaci\u00f3n civil.<\/p>\n\n\n\n<p>El Concorde, con capacidad para 100 pasajeros, alcanzaba las 1.350 millas por hora. Su silueta elegante, se convirti\u00f3 en un \u00edcono inmediato del dise\u00f1o aeron\u00e1utico.<\/p>\n\n\n\n<p>El Concorde no solo fue un logro tecnol\u00f3gico; tambi\u00e9n fue un referente cultural. Producto de la colaboraci\u00f3n franco-brit\u00e1nica, represent\u00f3 el pin\u00e1culo de la ingenier\u00eda aeron\u00e1utica del siglo XX. Este avi\u00f3n extraordinario consolid\u00f3 a Air France como referente de excelencia en aviaci\u00f3n, dejando un legado duradero tanto en innovaci\u00f3n como en experiencia del pasajero.<\/p>\n\n\n\n<p>Desde su primer vuelo, la experiencia a bordo reflej\u00f3 lujo y cuidado extremo: champagne, pasteler\u00eda de trufa del P\u00e9rigord de Len\u00f4tre y un servicio detallista definieron la experiencia del viaje supers\u00f3nico. La cabina, estrecha pero refinada, evocaba la edad dorada de la aviaci\u00f3n de prestigio.<\/p>\n\n\n\n<p>El dise\u00f1o interior del Concorde fue evolucionando a lo largo de los a\u00f1os. El dise\u00f1ador industrial&nbsp;<strong>Raymond Loewy<\/strong>&nbsp;lider\u00f3 la primera versi\u00f3n, mientras que&nbsp;<strong>Pierre Gautier-Delaye<\/strong>&nbsp;y&nbsp;<strong>Andr\u00e9e Putman<\/strong>&nbsp;introdujeron renovaciones que combinaron modernidad, elegancia y funcionalidad. Putman incorpor\u00f3 patrones geom\u00e9tricos en blanco y negro, porcelana fina y bandejas de comida dise\u00f1adas con precisi\u00f3n est\u00e9tica, consolidando al Concorde como&nbsp;<strong>s\u00edmbolo del lujo a\u00e9reo<\/strong>.<\/p>\n\n\n\n<p>Con motivo del 50.\u00ba aniversario del primer vuelo comercial, Air France estrenar\u00e1 en su canal de YouTube el documental&nbsp;<strong>\u201cConcorde Air France: hicieron volar la leyenda\u201d<\/strong>, con testimonios de empleados que trabajaron para mantener el \u201cOiseau Blanc\u201d en vuelo, as\u00ed como la participaci\u00f3n de Benjamin Smith, CEO de Air France-KLM y presidente de Air France. El documental ofrece 40 minutos de inmersi\u00f3n en la historia de esta ic\u00f3nica aeronave.<\/p>\n\n\n\n<p>Cincuenta a\u00f1os despu\u00e9s, aunque el Concorde ya no surca los cielos, su legado sigue inspirando a la aviaci\u00f3n contempor\u00e1nea, tanto en t\u00e9rminos de innovaci\u00f3n tecnol\u00f3gica como de excelencia en la experiencia del pasajero.<\/p>\n\n\n\n<p>Link Documental:&nbsp;<a rel=\"noreferrer noopener\" target=\"_blank\" href=\"https:\/\/corporate.airfrance.com\/en\/news\/air-france-commemorates-50th-anniversary-concordes-first-commercial-flight\">https:\/\/corporate.airfrance.com\/en\/news\/air-france-commemorates-50th-anniversary-concordes-first-commercial-flight<\/a><\/p>\n","protected":false},"excerpt":{"rendered":"<p>Bogot\u00e1, enero 26 de 2026.Se cumplen 50 a\u00f1os desde que Air France oper\u00f3 el primer vuelo comercial del Concorde con destino a Dakar y Rio de Janeiro, inaugurando una era de vuelos supers\u00f3nicos que marcaron un hito en la historia de la aviaci\u00f3n. A las 12:40 p. m. del 21 de enero de 1976, el&#8230;<\/p>\n","protected":false},"author":5,"featured_media":19447,"comment_status":"closed","ping_status":"closed","sticky":false,"template":"","format":"standard","meta":{"_FSMCFIC_featured_image_caption":"","_FSMCFIC_featured_image_nocaption":"","_FSMCFIC_featured_image_hide":"","footnotes":""},"categories":[22],"tags":[],"class_list":["post-19446","post","type-post","status-publish","format-standard","has-post-thumbnail","hentry","category-el_resto"],"_links":{"self":[{"href":"https:\/\/economiaconedmer.com\/economiaenserio\/wp-json\/wp\/v2\/posts\/19446","targetHints":{"allow":["GET"]}}],"collection":[{"href":"https:\/\/economiaconedmer.com\/economiaenserio\/wp-json\/wp\/v2\/posts"}],"about":[{"href":"https:\/\/economiaconedmer.com\/economiaenserio\/wp-json\/wp\/v2\/types\/post"}],"author":[{"embeddable":true,"href":"https:\/\/economiaconedmer.com\/economiaenserio\/wp-json\/wp\/v2\/users\/5"}],"replies":[{"embeddable":true,"href":"https:\/\/economiaconedmer.com\/economiaenserio\/wp-json\/wp\/v2\/comments?post=19446"}],"version-history":[{"count":1,"href":"https:\/\/economiaconedmer.com\/economiaenserio\/wp-json\/wp\/v2\/posts\/19446\/revisions"}],"predecessor-version":[{"id":19448,"href":"https:\/\/economiaconedmer.com\/economiaenserio\/wp-json\/wp\/v2\/posts\/19446\/revisions\/19448"}],"wp:featuredmedia":[{"embeddable":true,"href":"https:\/\/economiaconedmer.com\/economiaenserio\/wp-json\/wp\/v2\/media\/19447"}],"wp:attachment":[{"href":"https:\/\/economiaconedmer.com\/economiaenserio\/wp-json\/wp\/v2\/media?parent=19446"}],"wp:term":[{"taxonomy":"category","embeddable":true,"href":"https:\/\/economiaconedmer.com\/economiaenserio\/wp-json\/wp\/v2\/categories?post=19446"},{"taxonomy":"post_tag","embeddable":true,"href":"https:\/\/economiaconedmer.com\/economiaenserio\/wp-json\/wp\/v2\/tags?post=19446"}],"curies":[{"name":"wp","href":"https:\/\/api.w.org\/{rel}","templated":true}]}}