{"id":19430,"date":"2026-01-28T08:01:31","date_gmt":"2026-01-28T13:01:31","guid":{"rendered":"https:\/\/economiaconedmer.com\/economiaenserio\/?p=19430"},"modified":"2026-01-28T08:05:55","modified_gmt":"2026-01-28T13:05:55","slug":"la-depresion-un-mal-que-les-cuestas-a-los-colombianos-209-billones-cada-ano","status":"publish","type":"post","link":"https:\/\/economiaconedmer.com\/economiaenserio\/01\/28\/la-depresion-un-mal-que-les-cuestas-a-los-colombianos-209-billones-cada-ano\/el_resto\/2026\/","title":{"rendered":"La depresi\u00f3n, un mal que les cuestas a los colombianos $20,9 billones cada a\u00f1o"},"content":{"rendered":"\n<p>Hay dolores que se escriben con l\u00e1grimas y otros que, por comodidad social, se dejan sin nombre. La depresi\u00f3n suele quedar en esa zona gris: se disfraza de \u201ccansancio\u201d, se normaliza como \u201cestr\u00e9s\u201d y se patea hacia adelante hasta que el cuerpo, la familia o el trabajo cobran la factura. En Colombia, esa factura no es simb\u00f3lica: es econ\u00f3mica y es gigantesca.<\/p>\n\n\n\n<p>Un informe divulgado en julio de 2024 desarrollado por el\u00a0<strong>Consejo Colombiano de<\/strong> Seguridad (CCS), bas\u00e1ndose en el an\u00e1lisis de datos del\u00a0<strong>SISPRO<\/strong>\u00a0(Sistema Integrado de Informaci\u00f3n de la Protecci\u00f3n Social) del Ministerio de Salud y del Instituto Nacional de Medicina Legal. \u2014con base en datos oficiales analizados para el periodo 2013\u20132022\u2014 estim\u00f3 que los costos asociados a trastornos mentales y a lesiones autoinfligidas (incluido el impacto econ\u00f3mico de muertes por estas causas) superaron los\u00a0<strong>US$ 56,5 mil millones en la \u00faltima d\u00e9cada<\/strong>. En otras palabras, el pa\u00eds habr\u00eda soportado un impacto promedio de\u00a0<strong>US$ 5,65 mil millones por a\u00f1o<\/strong>, que en pesos colombianos representa aproximadamente\u00a0<strong>$20,9 billones anuales<\/strong>\u00a0(con una tasa de cambio de referencia de\u00a0<strong>$3.700,05 COP por d\u00f3lar<\/strong>).<\/p>\n\n\n\n<p>Esa cifra \u2014m\u00e1s propia de un debate macroecon\u00f3mico que de una conversaci\u00f3n cotidiana\u2014 obliga a cambiar el marco: la salud mental no puede tratarse como un asunto \u201cblando\u201d o secundario. Es un indicador duro de productividad, competitividad y sostenibilidad del tejido empresarial. Cuando la depresi\u00f3n no se detecta a tiempo, no solo se deteriora la vida de las personas, sino que se erosiona la capacidad de las organizaciones para sostener desempe\u00f1o, retener talento y planificar con estabilidad.<\/p>\n\n\n\n<p>A escala global, la Organizaci\u00f3n Mundial de la Salud (OMS) estima que la depresi\u00f3n y la ansiedad ocasionan la p\u00e9rdida de\u00a0<strong>12.000 millones de d\u00edas laborales al a\u00f1o<\/strong>, con un costo aproximado de\u00a0<strong>US$ 1 bill\u00f3n anual en productividad perdida<\/strong>. Y la evidencia econ\u00f3mica es igual de clara en el sentido contrario: la OMS concluye que <strong>cada US$ 1 invertido<\/strong>\u00a0en ampliar el tratamiento de depresi\u00f3n y ansiedad\u00a0<strong>retorna<\/strong><\/p>\n\n\n\n<p><strong> US$ 4<\/strong>\u00a0en mejor salud y capacidad de trabajo.<\/p>\n\n\n\n<p>En Colombia, el llamado es urgente. La Defensor\u00eda del Pueblo alert\u00f3 recientemente que 2,5 millones de personas padecer\u00edan depresi\u00f3n y que solo 2 de cada 10 estar\u00edan recibiendo atenci\u00f3n adecuada. Esa brecha no es \u00fanicamente sanitaria: tambi\u00e9n es una brecha de eficiencia econ\u00f3mica y de competitividad.<\/p>\n\n\n\n<p>\u201cEl mayor riesgo de la depresi\u00f3n es el silencio. Cuando los s\u00edntomas se minimizan o se normalizan, la persona se queda sola con su carga emocional. Reconocer que algo no est\u00e1 bien y pedir ayuda a tiempo es una decisi\u00f3n de cuidado, no de debilidad\u201d, se\u00f1ala la doctora Jenny Cabrejo, neuropsic\u00f3loga y especialista en salud mental de Coomeva Medicina Prepagada.<\/p>\n\n\n\n<p>Coomeva Medicina Prepagada reitera su invitaci\u00f3n a hablar del tema sin estigmas y a promover la atenci\u00f3n oportuna como parte esencial del bienestar integral. La prevenci\u00f3n y el acceso temprano a rutas de atenci\u00f3n \u2014psicol\u00f3gica y, cuando se requiera, psiqui\u00e1trica\u2014 no deben presentarse como \u201cgasto\u201d: son una inversi\u00f3n que protege a las personas y, al mismo tiempo, fortalece la productividad y la sostenibilidad de las organizaciones.<\/p>\n\n\n\n<p>En el marco del Mes Mundial de la Depresi\u00f3n, Coomeva Medicina Prepagada hace un llamado a empresas, l\u00edderes y familias: si el pa\u00eds quiere reducir p\u00e9rdidas, primero debe dejar de perderse a s\u00ed mismo en el silencio. Hablar, detectar y atender a tiempo no es solo una decisi\u00f3n humana; es una decisi\u00f3n inteligente para la econom\u00eda.<\/p>\n","protected":false},"excerpt":{"rendered":"<p>Hay dolores que se escriben con l\u00e1grimas y otros que, por comodidad social, se dejan sin nombre. La depresi\u00f3n suele quedar en esa zona gris: se disfraza de \u201ccansancio\u201d, se normaliza como \u201cestr\u00e9s\u201d y se patea hacia adelante hasta que el cuerpo, la familia o el trabajo cobran la factura. En Colombia, esa factura no&#8230;<\/p>\n","protected":false},"author":5,"featured_media":19432,"comment_status":"closed","ping_status":"closed","sticky":false,"template":"","format":"standard","meta":{"_FSMCFIC_featured_image_caption":"","_FSMCFIC_featured_image_nocaption":"","_FSMCFIC_featured_image_hide":"","footnotes":""},"categories":[22],"tags":[],"class_list":["post-19430","post","type-post","status-publish","format-standard","has-post-thumbnail","hentry","category-el_resto"],"_links":{"self":[{"href":"https:\/\/economiaconedmer.com\/economiaenserio\/wp-json\/wp\/v2\/posts\/19430","targetHints":{"allow":["GET"]}}],"collection":[{"href":"https:\/\/economiaconedmer.com\/economiaenserio\/wp-json\/wp\/v2\/posts"}],"about":[{"href":"https:\/\/economiaconedmer.com\/economiaenserio\/wp-json\/wp\/v2\/types\/post"}],"author":[{"embeddable":true,"href":"https:\/\/economiaconedmer.com\/economiaenserio\/wp-json\/wp\/v2\/users\/5"}],"replies":[{"embeddable":true,"href":"https:\/\/economiaconedmer.com\/economiaenserio\/wp-json\/wp\/v2\/comments?post=19430"}],"version-history":[{"count":1,"href":"https:\/\/economiaconedmer.com\/economiaenserio\/wp-json\/wp\/v2\/posts\/19430\/revisions"}],"predecessor-version":[{"id":19431,"href":"https:\/\/economiaconedmer.com\/economiaenserio\/wp-json\/wp\/v2\/posts\/19430\/revisions\/19431"}],"wp:featuredmedia":[{"embeddable":true,"href":"https:\/\/economiaconedmer.com\/economiaenserio\/wp-json\/wp\/v2\/media\/19432"}],"wp:attachment":[{"href":"https:\/\/economiaconedmer.com\/economiaenserio\/wp-json\/wp\/v2\/media?parent=19430"}],"wp:term":[{"taxonomy":"category","embeddable":true,"href":"https:\/\/economiaconedmer.com\/economiaenserio\/wp-json\/wp\/v2\/categories?post=19430"},{"taxonomy":"post_tag","embeddable":true,"href":"https:\/\/economiaconedmer.com\/economiaenserio\/wp-json\/wp\/v2\/tags?post=19430"}],"curies":[{"name":"wp","href":"https:\/\/api.w.org\/{rel}","templated":true}]}}