{"id":18951,"date":"2025-12-18T21:13:34","date_gmt":"2025-12-19T02:13:34","guid":{"rendered":"https:\/\/economiaconedmer.com\/economiaenserio\/?p=18951"},"modified":"2025-12-18T21:23:26","modified_gmt":"2025-12-19T02:23:26","slug":"que-pasa-si-se-incumple-el-pago-de-la-prima","status":"publish","type":"post","link":"https:\/\/economiaconedmer.com\/economiaenserio\/12\/18\/que-pasa-si-se-incumple-el-pago-de-la-prima\/el_bolsillo\/2025\/","title":{"rendered":"\u00bfQu\u00e9 pasa si se incumple el pago de la prima laboral?\u00a0"},"content":{"rendered":"\n<p><strong>Bogot\u00e1, diciembre 18 de 2025.<\/strong>&#8211; Con la llegada del cierre de a\u00f1o, las empresas est\u00e1n obligadas a cumplir con el pago de la prima de servicios del segundo semestre, cuya fecha l\u00edmite legal es el 20 de diciembre. No hacerlo a tiempo puede generar consecuencias serias que van m\u00e1s all\u00e1 de una sanci\u00f3n econ\u00f3mica y afectan directamente la estabilidad y credibilidad de la organizaci\u00f3n.<\/p>\n\n\n\n<p>Ramiro Hern\u00e1n G\u00f3mez, abogado laboralista de Cafore Abogados advierte que el incumplimiento de esta obligaci\u00f3n puede acarrear, al menos, seis problemas cr\u00edticos para las empresas:<\/p>\n\n\n\n<p>1.- Sanciones econ\u00f3micas.- El no pago oportuno de la prima expone a la empresa a multas impuestas por el Ministerio del Trabajo, las cuales pueden incrementarse seg\u00fan el n\u00famero de empleados afectados y la reincidencia.<\/p>\n\n\n\n<p>2.- Demandas laborales e indemnizaciones.- Los trabajadores pueden iniciar acciones legales para reclamar el pago correspondiente, lo que genera costos adicionales para el empleador, como intereses moratorios, indemnizaciones y gastos judiciales. Asimismo, esta situaci\u00f3n puede ser considerada justificaci\u00f3n v\u00e1lida para renunciar de forma motivada o lo que se conoce como&nbsp;despido indirecto, lo que habilita a los empleados no solo a exigir el pago de la prestaci\u00f3n adeudada, sino tambi\u00e9n a reclamar la indemnizaci\u00f3n por despido sin justa causa.<\/p>\n\n\n\n<p>3.- Deterioro del clima laboral.- El retraso en el pago de la prima impacta la confianza, la motivaci\u00f3n y el compromiso de los empleados, afectando la productividad en una de las \u00e9pocas m\u00e1s sensibles del a\u00f1o.<\/p>\n\n\n\n<p>4.- Afectaci\u00f3n a la reputaci\u00f3n corporativa.- Las denuncias por incumplimiento laboral pueden da\u00f1ar la imagen de la empresa ante clientes, proveedores y la opini\u00f3n p\u00fablica.<\/p>\n\n\n\n<p>5.- Mayor rotaci\u00f3n de talento.- El incumplimiento o el simple retraso en el pago incentiva la salida de colaboradores clave, elevando los costos de contrataci\u00f3n y capacitaci\u00f3n.<\/p>\n\n\n\n<p>6.- Riesgos en auditor\u00edas y procesos de contrataci\u00f3n.- Las empresas incumplidas pueden enfrentar dificultades en auditor\u00edas, licitaciones y alianzas estrat\u00e9gicas.<\/p>\n\n\n\n<p>\u201cLa prima de servicios no es un beneficio discrecional, es un derecho laboral irrenunciable. Su pago fuera de los plazos legales expone a las empresas a sanciones y a procesos judiciales que pueden escalar r\u00e1pidamente. Cumplir con el pago antes del 20 de diciembre no solo evita multas; tambi\u00e9n es una se\u00f1al clara de responsabilidad empresarial y de respeto por el trabajador, algo que hoy pesa tanto como los resultados financieros\u201d, afirma&nbsp;Ramiro Hern\u00e1n G\u00f3mez, abogado laboralista de Cafore Abogados.<\/p>\n\n\n\n<p><\/p>\n","protected":false},"excerpt":{"rendered":"<p>Bogot\u00e1, diciembre 18 de 2025.&#8211; Con la llegada del cierre de a\u00f1o, las empresas est\u00e1n obligadas a cumplir con el pago de la prima de servicios del segundo semestre, cuya fecha l\u00edmite legal es el 20 de diciembre. No hacerlo a tiempo puede generar consecuencias serias que van m\u00e1s all\u00e1 de una sanci\u00f3n econ\u00f3mica y&#8230;<\/p>\n","protected":false},"author":5,"featured_media":18954,"comment_status":"closed","ping_status":"closed","sticky":false,"template":"","format":"standard","meta":{"_FSMCFIC_featured_image_caption":"","_FSMCFIC_featured_image_nocaption":"","_FSMCFIC_featured_image_hide":"","footnotes":""},"categories":[2],"tags":[],"class_list":["post-18951","post","type-post","status-publish","format-standard","has-post-thumbnail","hentry","category-el_bolsillo"],"_links":{"self":[{"href":"https:\/\/economiaconedmer.com\/economiaenserio\/wp-json\/wp\/v2\/posts\/18951","targetHints":{"allow":["GET"]}}],"collection":[{"href":"https:\/\/economiaconedmer.com\/economiaenserio\/wp-json\/wp\/v2\/posts"}],"about":[{"href":"https:\/\/economiaconedmer.com\/economiaenserio\/wp-json\/wp\/v2\/types\/post"}],"author":[{"embeddable":true,"href":"https:\/\/economiaconedmer.com\/economiaenserio\/wp-json\/wp\/v2\/users\/5"}],"replies":[{"embeddable":true,"href":"https:\/\/economiaconedmer.com\/economiaenserio\/wp-json\/wp\/v2\/comments?post=18951"}],"version-history":[{"count":2,"href":"https:\/\/economiaconedmer.com\/economiaenserio\/wp-json\/wp\/v2\/posts\/18951\/revisions"}],"predecessor-version":[{"id":18961,"href":"https:\/\/economiaconedmer.com\/economiaenserio\/wp-json\/wp\/v2\/posts\/18951\/revisions\/18961"}],"wp:featuredmedia":[{"embeddable":true,"href":"https:\/\/economiaconedmer.com\/economiaenserio\/wp-json\/wp\/v2\/media\/18954"}],"wp:attachment":[{"href":"https:\/\/economiaconedmer.com\/economiaenserio\/wp-json\/wp\/v2\/media?parent=18951"}],"wp:term":[{"taxonomy":"category","embeddable":true,"href":"https:\/\/economiaconedmer.com\/economiaenserio\/wp-json\/wp\/v2\/categories?post=18951"},{"taxonomy":"post_tag","embeddable":true,"href":"https:\/\/economiaconedmer.com\/economiaenserio\/wp-json\/wp\/v2\/tags?post=18951"}],"curies":[{"name":"wp","href":"https:\/\/api.w.org\/{rel}","templated":true}]}}