{"id":18926,"date":"2025-12-18T20:26:31","date_gmt":"2025-12-19T01:26:31","guid":{"rendered":"https:\/\/economiaconedmer.com\/economiaenserio\/?p=18926"},"modified":"2025-12-18T20:28:14","modified_gmt":"2025-12-19T01:28:14","slug":"electromovilidad-clave-del-transporte-refrigerado","status":"publish","type":"post","link":"https:\/\/economiaconedmer.com\/economiaenserio\/12\/18\/electromovilidad-clave-del-transporte-refrigerado\/el_resto\/2025\/","title":{"rendered":"Electromovilidad, la clave del transporte de alimentos refrigerados"},"content":{"rendered":"\n<p><strong>Bogot\u00e1, diciembre 17 de 2025.<\/strong> Colombia es uno de los mercados de electromovilidad de m\u00e1s r\u00e1pido crecimiento en Latinoam\u00e9rica. Durante el primer trimestre de 2025, las ventas de veh\u00edculos el\u00e9ctricos crecieron alrededor de <strong>+247%<\/strong>, impulsadas por incentivos y una alta adopci\u00f3n de buses el\u00e9ctricos en Bogot\u00e1, Medell\u00edn y Cali.<\/p>\n\n\n\n<p><a>El transporte refrigerado, sin embargo, a\u00fan opera mayoritariamente con motores di\u00e9sel pese a su alto impacto ambiental. Este segmento es clave para abastecer <\/a><a href=\"https:\/\/bit.ly\/3MvSptT\">alimentos perecederos<\/a>, bebidas y farmac\u00e9uticos en ciudades con severos problemas de calidad del aire.<\/p>\n\n\n\n<p>\u201cHoy es necesario movernos hacia una log\u00edstica en carga refrigerada con enfoque sustentable, ya que contribuir\u00eda significativamente a reducir la huella ambiental de las ciudades colombianas. Las flotas refrigeradas, por su alto consumo energ\u00e9tico y operaci\u00f3n intensiva en zonas urbanas, deben estar en el centro de esta transformaci\u00f3n\u201d, afirma Jos\u00e9 Carlos G\u00f3mez, director de Ventas LAR Norte de Thermo King, empresa especializada en soluciones para el transporte refrigerado.<\/p>\n\n\n\n<p><strong>Electromovilidad: qu\u00e9 es y qu\u00e9 falta en Colombia para avanzar hacia un transporte refrigerado sustentable<\/strong><\/p>\n\n\n\n<p>La electromovilidad se refiere a la adopci\u00f3n de tecnolog\u00edas de transporte impulsadas por fuentes de energ\u00eda el\u00e9ctrica en lugar de combustibles f\u00f3siles. En el caso del transporte refrigerado, esto implica sustituir los sistemas di\u00e9sel tradicionales por unidades el\u00e9ctricas capaces de mantener temperaturas controladas sin emitir gases contaminantes.<\/p>\n\n\n\n<p>La cadena de fr\u00edo es uno de los componentes m\u00e1s intensivos en consumo energ\u00e9tico dentro de la log\u00edstica. Los sistemas de refrigeraci\u00f3n que operan con di\u00e9sel para <a href=\"https:\/\/bit.ly\/4a4qgUO\">conservar alimentos<\/a>, medicamentos y otros perecederos generan una proporci\u00f3n significativa de las emisiones del transporte terrestre. Sustituirlos por sistemas el\u00e9ctricos es, en principio, la soluci\u00f3n m\u00e1s directa, pero tambi\u00e9n una de las m\u00e1s complejas.<\/p>\n\n\n\n<p>El pa\u00eds posee incentivos tributarios atractivos para veh\u00edculos el\u00e9ctricos y est\u00e1 expandiendo su infraestructura de carga. Para avanzar en refrigeraci\u00f3n el\u00e9ctrica, requiere:<\/p>\n\n\n\n<ul class=\"wp-block-list\">\n<li>mayor oferta de TRUs el\u00e9ctricas,<\/li>\n\n\n\n<li>financiamiento para empresas de distribuci\u00f3n,<\/li>\n\n\n\n<li>normativas que impulsen renovaci\u00f3n de flotas urbanas.<\/li>\n<\/ul>\n\n\n\n<p>\u201cEl reto, por tanto, no es solo tecnol\u00f3gico: es de planeaci\u00f3n, financiamiento y visi\u00f3n\u201d, agrega el directivo de Thermo King.<\/p>\n\n\n\n<p><strong>Electromovilidad como ventaja competitiva<\/strong><\/p>\n\n\n\n<p>El auge del <em>nearshoring<\/em> est\u00e1 impulsando una transformaci\u00f3n en la log\u00edstica regional, donde la sustentabilidad se convierte en un criterio clave para competir. En este contexto, las flotas de transporte refrigerado que <a href=\"https:\/\/bit.ly\/48qGx5d\">adoptan tecnolog\u00edas el\u00e9ctricas<\/a> ganan ventajas al reducir emisiones, logrando reducci\u00f3n en costos operativos, cumplimiento regulatorio y acceso a incentivos, as\u00ed como ventajas competitivas al cumplir con est\u00e1ndares ESG cada vez m\u00e1s estrictos.<\/p>\n\n\n\n<p>Adem\u00e1s del ahorro operativo, bajo consumo y reducci\u00f3n de ruido, estas flotas refuerzan la reputaci\u00f3n corporativa y permiten acceder a contratos con empresas que exigen trazabilidad verde. Entre las principales soluciones verdes para transporte de carga refrigerada destacan:<\/p>\n\n\n\n<ul class=\"wp-block-list\">\n<li><strong>Sistemas de refrigeraci\u00f3n el\u00e9ctrica de cero emisiones<\/strong>, con capacidad de mantener temperaturas precisas sin necesidad de motores di\u00e9sel.<\/li>\n\n\n\n<li><strong>Bater\u00edas de alto rendimiento<\/strong> que eliminan emisiones contaminantes y permiten operaci\u00f3n contin\u00faa durante todo el trayecto.<\/li>\n\n\n\n<li><strong>Tecnolog\u00edas de operaci\u00f3n silenciosa<\/strong>, ideales para entregas nocturnas en entornos urbanos sin generar contaminaci\u00f3n ac\u00fastica.<\/li>\n\n\n\n<li><strong>Sistemas de energ\u00eda auxiliar el\u00e9ctricos<\/strong>, que proporcionan autonom\u00eda sin consumo de combustible, mejorando el confort del operador.<\/li>\n\n\n\n<li><strong>Modelos log\u00edsticos escalables y adaptables<\/strong>, compatibles con esquemas de financiamiento verde y certificaciones ambientales.<\/li>\n\n\n\n<li><strong>Acceso a programas de incentivos internacionales<\/strong>, que apoyan la adopci\u00f3n de tecnolog\u00edas limpias y reducen barreras de entrada.<\/li>\n<\/ul>\n\n\n\n<p>Estas innovaciones apuntan hacia una <strong>cadena de fr\u00edo m\u00e1s eficiente, silenciosa y sustentable<\/strong>, capaz de responder a las nuevas exigencias del comercio internacional y de reducir la huella ambiental del transporte con temperatura controlada.<\/p>\n\n\n\n<p>\u201cLa electromovilidad en Colombia representa uno de los cambios m\u00e1s significativos en la historia del transporte de productos sensibles a la temperatura como alimentos y medicamentos. No se trata solo de sustituir motores di\u00e9sel por bater\u00edas, sino de repensar toda la cadena de valor log\u00edstica bajo un enfoque de eficiencia y sostenibilidad\u201d.<\/p>\n","protected":false},"excerpt":{"rendered":"<p>Bogot\u00e1, diciembre 17 de 2025. Colombia es uno de los mercados de electromovilidad de m\u00e1s r\u00e1pido crecimiento en Latinoam\u00e9rica. Durante el primer trimestre de 2025, las ventas de veh\u00edculos el\u00e9ctricos crecieron alrededor de +247%, impulsadas por incentivos y una alta adopci\u00f3n de buses el\u00e9ctricos en Bogot\u00e1, Medell\u00edn y Cali. El transporte refrigerado, sin embargo, a\u00fan&#8230;<\/p>\n","protected":false},"author":5,"featured_media":18930,"comment_status":"closed","ping_status":"closed","sticky":false,"template":"","format":"standard","meta":{"_FSMCFIC_featured_image_caption":"","_FSMCFIC_featured_image_nocaption":"","_FSMCFIC_featured_image_hide":"","footnotes":""},"categories":[22],"tags":[],"class_list":["post-18926","post","type-post","status-publish","format-standard","has-post-thumbnail","hentry","category-el_resto"],"_links":{"self":[{"href":"https:\/\/economiaconedmer.com\/economiaenserio\/wp-json\/wp\/v2\/posts\/18926","targetHints":{"allow":["GET"]}}],"collection":[{"href":"https:\/\/economiaconedmer.com\/economiaenserio\/wp-json\/wp\/v2\/posts"}],"about":[{"href":"https:\/\/economiaconedmer.com\/economiaenserio\/wp-json\/wp\/v2\/types\/post"}],"author":[{"embeddable":true,"href":"https:\/\/economiaconedmer.com\/economiaenserio\/wp-json\/wp\/v2\/users\/5"}],"replies":[{"embeddable":true,"href":"https:\/\/economiaconedmer.com\/economiaenserio\/wp-json\/wp\/v2\/comments?post=18926"}],"version-history":[{"count":2,"href":"https:\/\/economiaconedmer.com\/economiaenserio\/wp-json\/wp\/v2\/posts\/18926\/revisions"}],"predecessor-version":[{"id":18929,"href":"https:\/\/economiaconedmer.com\/economiaenserio\/wp-json\/wp\/v2\/posts\/18926\/revisions\/18929"}],"wp:featuredmedia":[{"embeddable":true,"href":"https:\/\/economiaconedmer.com\/economiaenserio\/wp-json\/wp\/v2\/media\/18930"}],"wp:attachment":[{"href":"https:\/\/economiaconedmer.com\/economiaenserio\/wp-json\/wp\/v2\/media?parent=18926"}],"wp:term":[{"taxonomy":"category","embeddable":true,"href":"https:\/\/economiaconedmer.com\/economiaenserio\/wp-json\/wp\/v2\/categories?post=18926"},{"taxonomy":"post_tag","embeddable":true,"href":"https:\/\/economiaconedmer.com\/economiaenserio\/wp-json\/wp\/v2\/tags?post=18926"}],"curies":[{"name":"wp","href":"https:\/\/api.w.org\/{rel}","templated":true}]}}