{"id":18912,"date":"2025-12-17T20:52:57","date_gmt":"2025-12-18T01:52:57","guid":{"rendered":"https:\/\/economiaconedmer.com\/economiaenserio\/?p=18912"},"modified":"2025-12-17T20:52:58","modified_gmt":"2025-12-18T01:52:58","slug":"crece-la-demanda-de-credito-empresarial","status":"publish","type":"post","link":"https:\/\/economiaconedmer.com\/economiaenserio\/12\/17\/crece-la-demanda-de-credito-empresarial\/el_resto\/2025\/","title":{"rendered":"Crece\u00a0la demanda de cr\u00e9dito empresarial\u00a0"},"content":{"rendered":"\n<p><strong>Bogot\u00e1, 17 de diciembre de 2025.<\/strong>&nbsp;El cierre de a\u00f1o vuelve a poner contra las cuerdas a miles de empresas en Colombia. De acuerdo con cifras de Informa Colombia, durante el primer semestre se crearon 91.992 compa\u00f1\u00edas, pero 126.582 cerraron sus operaciones, confirmando uno de los balances empresariales m\u00e1s retadores de la \u00faltima d\u00e9cada.<\/p>\n\n\n\n<p>Con la llegada de diciembre, el mes con mayores exigencias de caja por pago de n\u00f3minas, primas, proveedores y cumplimientos tributarios, muchas empresas enfrentan una tensi\u00f3n adicional. En este contexto, el cr\u00e9dito volvi\u00f3 a posicionarse como una herramienta cr\u00edtica para evitar cierres definitivos y recuperar operaciones.<\/p>\n\n\n\n<p><em>\u201cEn momentos de presi\u00f3n financiera, la diferencia entre cerrar o reactivarse est\u00e1 en acceder a un cr\u00e9dito flexible y oportuno\u201d,&nbsp;<\/em>afirma Alejandro Verswyvel Guti\u00e9rrez, presidente de IRIS, compa\u00f1\u00eda de financiamiento vigilada por la Superintendencia Financiera y especializada en soluciones de liquidez para empresarios e inversionistas colombianos.&nbsp;<\/p>\n\n\n\n<p>2025, un a\u00f1o de ajustes financieros: reestructuraci\u00f3n de cr\u00e9ditos y b\u00fasqueda de nuevas alternativas<\/p>\n\n\n\n<p>El comportamiento del sistema financiero refleja la tensi\u00f3n que atraviesa el tejido empresarial. En el tercer trimestre de 2025, seg\u00fan una encuesta del Banco de la Rep\u00fablica, el 88 % de los bancos, el 60 % de las compa\u00f1\u00edas financieras comerciales y el 100 % de las cooperativas realizaron modificaciones de cr\u00e9dito para apoyar a empresas con estr\u00e9s financiero. Las medidas m\u00e1s frecuentes fueron extensi\u00f3n de plazos, per\u00edodos de gracia y ajustes en condiciones de pago.<\/p>\n\n\n\n<p>En l\u00ednea con estas din\u00e1micas del sistema financiero, IRIS registr\u00f3 un notable crecimiento en solicitudes de financiaci\u00f3n por parte de compa\u00f1\u00edas que, a lo largo de 2025, enfrentaron interrupciones operativas, variaciones en ventas o atrasos en recaudo; siendo diciembre un mes donde este volumen se puede intensificar, entendiendo que la presi\u00f3n de caja suele aumentar por las obligaciones de fin de a\u00f1o.<\/p>\n\n\n\n<p>En cr\u00e9dito empresarial, y en respuesta a la demanda de empresas que requieren actuar antes del cierre fiscal, la compa\u00f1\u00eda consolid\u00f3 una soluci\u00f3n de cr\u00e9dito a la medida; un financiamiento dise\u00f1ado a partir de una evaluaci\u00f3n integral de cada organizaci\u00f3n \u2014su sector, flujo de ingresos, estructura operativa y necesidades espec\u00edficas\u2014 que permite determinar el monto y las condiciones m\u00e1s adecuadas. Esta alternativa resulta ideal para recomponer capital de trabajo y proyectar estabilidad o expansi\u00f3n de cara a 2026.<\/p>\n\n\n\n<p><em>\u201cEn IRIS ajustamos montos, plazos, garant\u00edas y esquemas de seguimiento para que cada empresa pueda retomar su ritmo competitivo sin desbordar su capacidad financiera. Gracias a nuestra flexibilidad y entendimiento de las necesidades del empresariado colombiano, hemos movilizado m\u00e1s de $500.000 millones para apoyar a m\u00e1s de 3.000 empresas enfocando sus l\u00edneas en estabilizaci\u00f3n, inversi\u00f3n y reactivaci\u00f3n; m\u00e1s del 60 % de estas se consolidan como clientes recurrentes\u201d,&nbsp;<\/em>explica Verswyvel.<\/p>\n\n\n\n<p>Lo que priorizan las empresas en este cierre de a\u00f1o: rapidez, condiciones claras y apoyo t\u00e9cnico<\/p>\n\n\n\n<p>Las empresas est\u00e1n privilegiando esquemas de financiaci\u00f3n que combinen agilidad, condiciones realistas y acompa\u00f1amiento en la toma de decisiones. En esta l\u00ednea, IRIS se\u00f1ala que la rapidez en la aprobaci\u00f3n se ha convertido en un factor cr\u00edtico: sus procesos se resuelven en cerca de siete d\u00edas, permitiendo a los negocios reaccionar antes del cierre fiscal.<\/p>\n\n\n\n<p>La personalizaci\u00f3n de los an\u00e1lisis, basada en el flujo de ingresos y la operaci\u00f3n de cada empresa, tambi\u00e9n ha ganado peso en un a\u00f1o marcado por interrupciones operativas y variaciones en recaudo. Finalmente el acompa\u00f1amiento t\u00e9cnico en orden y gesti\u00f3n financiera se ha vuelto determinante para mitigar riesgos en medio de mayor exigencia regulatoria y presi\u00f3n de caja. Los montos inician en $100 millones, sujetos al perfil y a las necesidades del negocio.<\/p>\n\n\n\n<p><em>\u201cEste es el momento en que las empresas necesitan cr\u00e9dito inteligente y no soluciones improvisadas. La recuperaci\u00f3n s\u00ed es posible si se toman decisiones a tiempo. Tanto los Centros de Negocio de IRIS como los equipos especializados est\u00e1n disponibles para acompa\u00f1ar a los empresarios, comprender a profundidad sus necesidades y orientar la estructuraci\u00f3n del cr\u00e9dito m\u00e1s conveniente para cada caso. \u201d,&nbsp;<\/em>concluye Verswyvel.<\/p>\n\n\n\n<p>Con presupuestos cerr\u00e1ndose, obligaciones exigibles y proyecciones de 2026 en elaboraci\u00f3n, diciembre act\u00faa como punto cr\u00edtico para miles de compa\u00f1\u00edas. Contar con liquidez estructurada y oportuna ser\u00e1 un factor determinante para iniciar el pr\u00f3ximo a\u00f1o con estabilidad.<\/p>\n\n\n\n<p><\/p>\n","protected":false},"excerpt":{"rendered":"<p>Bogot\u00e1, 17 de diciembre de 2025.&nbsp;El cierre de a\u00f1o vuelve a poner contra las cuerdas a miles de empresas en Colombia. De acuerdo con cifras de Informa Colombia, durante el primer semestre se crearon 91.992 compa\u00f1\u00edas, pero 126.582 cerraron sus operaciones, confirmando uno de los balances empresariales m\u00e1s retadores de la \u00faltima d\u00e9cada. Con la&#8230;<\/p>\n","protected":false},"author":5,"featured_media":18913,"comment_status":"closed","ping_status":"closed","sticky":false,"template":"","format":"standard","meta":{"_FSMCFIC_featured_image_caption":"","_FSMCFIC_featured_image_nocaption":"","_FSMCFIC_featured_image_hide":"","footnotes":""},"categories":[22],"tags":[],"class_list":["post-18912","post","type-post","status-publish","format-standard","has-post-thumbnail","hentry","category-el_resto"],"_links":{"self":[{"href":"https:\/\/economiaconedmer.com\/economiaenserio\/wp-json\/wp\/v2\/posts\/18912","targetHints":{"allow":["GET"]}}],"collection":[{"href":"https:\/\/economiaconedmer.com\/economiaenserio\/wp-json\/wp\/v2\/posts"}],"about":[{"href":"https:\/\/economiaconedmer.com\/economiaenserio\/wp-json\/wp\/v2\/types\/post"}],"author":[{"embeddable":true,"href":"https:\/\/economiaconedmer.com\/economiaenserio\/wp-json\/wp\/v2\/users\/5"}],"replies":[{"embeddable":true,"href":"https:\/\/economiaconedmer.com\/economiaenserio\/wp-json\/wp\/v2\/comments?post=18912"}],"version-history":[{"count":1,"href":"https:\/\/economiaconedmer.com\/economiaenserio\/wp-json\/wp\/v2\/posts\/18912\/revisions"}],"predecessor-version":[{"id":18914,"href":"https:\/\/economiaconedmer.com\/economiaenserio\/wp-json\/wp\/v2\/posts\/18912\/revisions\/18914"}],"wp:featuredmedia":[{"embeddable":true,"href":"https:\/\/economiaconedmer.com\/economiaenserio\/wp-json\/wp\/v2\/media\/18913"}],"wp:attachment":[{"href":"https:\/\/economiaconedmer.com\/economiaenserio\/wp-json\/wp\/v2\/media?parent=18912"}],"wp:term":[{"taxonomy":"category","embeddable":true,"href":"https:\/\/economiaconedmer.com\/economiaenserio\/wp-json\/wp\/v2\/categories?post=18912"},{"taxonomy":"post_tag","embeddable":true,"href":"https:\/\/economiaconedmer.com\/economiaenserio\/wp-json\/wp\/v2\/tags?post=18912"}],"curies":[{"name":"wp","href":"https:\/\/api.w.org\/{rel}","templated":true}]}}