{"id":18898,"date":"2025-12-17T20:23:19","date_gmt":"2025-12-18T01:23:19","guid":{"rendered":"https:\/\/economiaconedmer.com\/economiaenserio\/?p=18898"},"modified":"2025-12-17T20:23:47","modified_gmt":"2025-12-18T01:23:47","slug":"auge-del-turismo-de-bienestar-en-antioquia","status":"publish","type":"post","link":"https:\/\/economiaconedmer.com\/economiaenserio\/12\/17\/auge-del-turismo-de-bienestar-en-antioquia\/turismo\/2025\/","title":{"rendered":"Crece turismo de bienestar, en Antioquia"},"content":{"rendered":"\n<p><strong>Medell\u00edn, diciembre de 2025.<\/strong>&nbsp;El turismo de bienestar dej\u00f3 de ser un nicho para convertirse en una de las tendencias globales de mayor crecimiento.&nbsp;<strong>Seg\u00fan el Global&nbsp;Wellness&nbsp;Institute<\/strong>, este segmento alcanzar\u00e1 los&nbsp;<strong>US$1,3 billones al cierre de 2025<\/strong>&nbsp;y crecer\u00e1 a un ritmo anual del&nbsp;<strong>7,3 %<\/strong>&nbsp;hasta 2028. Colombia \u2014y en especial Antioquia y Medell\u00edn\u2014 se integra activamente a esta transformaci\u00f3n.&nbsp;De acuerdo con la Secretar\u00eda de Turismo y Entretenimiento de Medell\u00edn, el n\u00famero de turistas extranjeros aument\u00f3 un&nbsp;<strong>26 %&nbsp;<\/strong>en<strong>&nbsp;2024<\/strong>, tendencia que se consolida con los&nbsp;<strong>casi 955.000 visitantes registrados en el primer semestre de 2025<\/strong>, seg\u00fan el&nbsp;<strong>Sistema de Inteligencia Tur\u00edstica (SIT)<\/strong>. Este dinamismo viene acompa\u00f1ado de un cambio claro en las motivaciones de viaje: bienestar, naturaleza, cultura, salud preventiva y equilibrio emocional se han convertido en prioridades para viajeros nacionales e internacionales.<\/p>\n\n\n\n<p>En este contexto, ciudades como&nbsp;Medell\u00edn, Bogot\u00e1 y Cartagena&nbsp;emergen como&nbsp;hubs&nbsp;regionales del turismo de bienestar. All\u00ed,&nbsp;<strong>DRIM y&nbsp;Stay&nbsp;Group<\/strong>&nbsp;se han posicionado como actores clave en la evoluci\u00f3n del sector, estudiando la demanda global y desarrollando propuestas hoteleras que integran ciencia, longevidad y hospitalidad consciente. Su proyecto m\u00e1s emblem\u00e1tico,&nbsp;<strong>Wake&nbsp;BioHotel<\/strong>, ha marcado un hito al poner la salud preventiva y la longevidad en el centro de la experiencia bajo el concepto&nbsp;<strong>\u201cWellness&nbsp;Meets&nbsp;Science\u201d<\/strong>, que busca optimizar descanso, energ\u00eda y calidad de vida a trav\u00e9s de dise\u00f1o, tecnolog\u00eda y protocolos basados en evidencia.<\/p>\n\n\n\n<p>El cierre de 2025 confirma este liderazgo:&nbsp;<strong>Wake&nbsp;BioHotel&nbsp;<\/strong>fue reconocido como<strong>&nbsp;\u201cHospitality&nbsp;Project&nbsp;of&nbsp;the&nbsp;Year\u201d&nbsp;<\/strong>en los<strong>&nbsp;GRI&nbsp;Awards&nbsp;Andean&nbsp;&amp; Central&nbsp;America&nbsp;Real Estate 2025<\/strong>, su apertura en agosto gener\u00f3 amplia atenci\u00f3n de medios y mercado, y en pocos meses se convirti\u00f3 en punto de encuentro para viajeros de alto rendimiento, n\u00f3madas digitales, corporativos globales y comunidad local. Adem\u00e1s, su inclusi\u00f3n en la prestigiosa colecci\u00f3n&nbsp;<strong>Design&nbsp;Hotels\u2122 de Marriott International<\/strong>.&nbsp;De cara a 2026,&nbsp;Stay&nbsp;Group&nbsp;identifica tres tendencias que transformar\u00e1n&nbsp;la hoteler\u00eda&nbsp;en Am\u00e9rica Latina:&nbsp;<br>&nbsp;<br>\u2022&nbsp;<strong>El bienestar como eje del viaje<\/strong>, con programas que ofrecen resultados medibles en sue\u00f1o, manejo del estr\u00e9s y h\u00e1bitos saludables.&nbsp;<br>&nbsp;<br>\u2022&nbsp;<strong>La longevidad como nuevo lujo<\/strong>, integrando ciencia, protocolos cl\u00ednicos y dise\u00f1o para mejorar energ\u00eda, metabolismo y salud mental.&nbsp;<br>&nbsp;<br>\u2022&nbsp;<strong>La expansi\u00f3n de estancias h\u00edbridas y prolongadas<\/strong>, que exigen operaciones sin fricciones y propuestas gastron\u00f3micas funcionales para hu\u00e9spedes que combinan trabajo, descanso y autocuidado.<\/p>\n\n\n\n<p>\u201cEl viajero contempor\u00e1neo busca salir de un hotel siendo una mejor versi\u00f3n de s\u00ed mismo, y Colombia tiene las condiciones para liderar esta nueva etapa de la hospitalidad en Latinoam\u00e9rica\u201d, afirma&nbsp;<strong>David Luj\u00e1n<\/strong>, director general de DRIM y&nbsp;Stay&nbsp;Group. \u201cEstas apuestas no son solo alojamiento; son plataformas que incorporan h\u00e1bitos tangibles para mejorar c\u00f3mo dormimos, nos alimentamos y manejamos nuestro bienestar\u201d.&nbsp;<\/p>\n\n\n\n<p>Como parte de su plan de&nbsp;expansi\u00f3n, el grupo avanza en&nbsp;<strong>Wake Medell\u00edn (Wake 2)<\/strong>, cuya apertura est\u00e1 prevista para&nbsp;<strong>abril&nbsp;de 2026<\/strong>. El&nbsp;nuevo proyecto integrar\u00e1 un&nbsp;<strong>restaurante de autor<\/strong>&nbsp;a cargo del chef&nbsp;<strong>Jaime&nbsp;Rodr\u00edguez<\/strong>,&nbsp;reconocido por su proyecto&nbsp;Celele&nbsp;en Cartagena,&nbsp;<strong>considerado uno de los 50 mejores restaurantes del mundo<\/strong>.&nbsp;<br>&nbsp;<\/p>\n\n\n\n<p><strong>DRIM y&nbsp;Stay&nbsp;Group<\/strong>, fundados por&nbsp;<strong>Paulina Villa,&nbsp;Yhon&nbsp;Edison Mendoza, Juan Jos\u00e9 Ar\u00e1mburo y David Luj\u00e1n<\/strong>, suman la experiencia adquirida en desarrollos ic\u00f3nicos como&nbsp;<strong>Novotel,&nbsp;Click&nbsp;Clack, Hotel El Cielo y&nbsp;Tribe<\/strong>, integrando inversi\u00f3n, dise\u00f1o, operaci\u00f3n hotelera, gastronom\u00eda y bienestar para impulsar desde Medell\u00edn una nueva generaci\u00f3n de hospitalidad con prop\u00f3sito.<\/p>\n\n\n\n<p>Finalmente,&nbsp;la Gobernaci\u00f3n de Antioquia y el Cl\u00faster de Turismo&nbsp;destacaron&nbsp;que el departamento avanza hacia un modelo de&nbsp;<strong>\u201cturismo de valor\u201d<\/strong>, donde autenticidad cultural, sostenibilidad, rutas verdes y experiencias de bienestar se posicionan como motores de atracci\u00f3n. Esto confirma que Medell\u00edn y Antioquia no solo reciben m\u00e1s turistas: reciben viajeros que buscan&nbsp;experiencias transformadoras, consolidando a la regi\u00f3n como&nbsp;referente latinoamericano en&nbsp;<strong>turismo de bienestar y hospitalidad innovadora<\/strong>.&nbsp;<\/p>\n","protected":false},"excerpt":{"rendered":"<p>Medell\u00edn, diciembre de 2025.&nbsp;El turismo de bienestar dej\u00f3 de ser un nicho para convertirse en una de las tendencias globales de mayor crecimiento.&nbsp;Seg\u00fan el Global&nbsp;Wellness&nbsp;Institute, este segmento alcanzar\u00e1 los&nbsp;US$1,3 billones al cierre de 2025&nbsp;y crecer\u00e1 a un ritmo anual del&nbsp;7,3 %&nbsp;hasta 2028. Colombia \u2014y en especial Antioquia y Medell\u00edn\u2014 se integra activamente a esta transformaci\u00f3n.&nbsp;De&#8230;<\/p>\n","protected":false},"author":5,"featured_media":18899,"comment_status":"closed","ping_status":"closed","sticky":false,"template":"","format":"standard","meta":{"_FSMCFIC_featured_image_caption":"","_FSMCFIC_featured_image_nocaption":"","_FSMCFIC_featured_image_hide":"","footnotes":""},"categories":[28],"tags":[],"class_list":["post-18898","post","type-post","status-publish","format-standard","has-post-thumbnail","hentry","category-turismo"],"_links":{"self":[{"href":"https:\/\/economiaconedmer.com\/economiaenserio\/wp-json\/wp\/v2\/posts\/18898","targetHints":{"allow":["GET"]}}],"collection":[{"href":"https:\/\/economiaconedmer.com\/economiaenserio\/wp-json\/wp\/v2\/posts"}],"about":[{"href":"https:\/\/economiaconedmer.com\/economiaenserio\/wp-json\/wp\/v2\/types\/post"}],"author":[{"embeddable":true,"href":"https:\/\/economiaconedmer.com\/economiaenserio\/wp-json\/wp\/v2\/users\/5"}],"replies":[{"embeddable":true,"href":"https:\/\/economiaconedmer.com\/economiaenserio\/wp-json\/wp\/v2\/comments?post=18898"}],"version-history":[{"count":2,"href":"https:\/\/economiaconedmer.com\/economiaenserio\/wp-json\/wp\/v2\/posts\/18898\/revisions"}],"predecessor-version":[{"id":18902,"href":"https:\/\/economiaconedmer.com\/economiaenserio\/wp-json\/wp\/v2\/posts\/18898\/revisions\/18902"}],"wp:featuredmedia":[{"embeddable":true,"href":"https:\/\/economiaconedmer.com\/economiaenserio\/wp-json\/wp\/v2\/media\/18899"}],"wp:attachment":[{"href":"https:\/\/economiaconedmer.com\/economiaenserio\/wp-json\/wp\/v2\/media?parent=18898"}],"wp:term":[{"taxonomy":"category","embeddable":true,"href":"https:\/\/economiaconedmer.com\/economiaenserio\/wp-json\/wp\/v2\/categories?post=18898"},{"taxonomy":"post_tag","embeddable":true,"href":"https:\/\/economiaconedmer.com\/economiaenserio\/wp-json\/wp\/v2\/tags?post=18898"}],"curies":[{"name":"wp","href":"https:\/\/api.w.org\/{rel}","templated":true}]}}