{"id":18895,"date":"2025-12-17T20:19:32","date_gmt":"2025-12-18T01:19:32","guid":{"rendered":"https:\/\/economiaconedmer.com\/economiaenserio\/?p=18895"},"modified":"2025-12-17T20:19:32","modified_gmt":"2025-12-18T01:19:32","slug":"satena-recibe-otro-atr-42-600-y-aumenta-su-flota-a-19-aeronaves","status":"publish","type":"post","link":"https:\/\/economiaconedmer.com\/economiaenserio\/12\/17\/satena-recibe-otro-atr-42-600-y-aumenta-su-flota-a-19-aeronaves\/el_resto\/2025\/","title":{"rendered":"Satena recibe otro ATR 42-600 y\u00a0aumenta\u00a0su flota a 19 aeronaves"},"content":{"rendered":"\n<p><strong>Bogot\u00e1, diciembre 17 de 2025.<\/strong><strong>\u00a0<\/strong>Satena, la aerol\u00ednea de los colombianos, anunci\u00f3 la llegada de un nuevo ATR 42-600, una aeronave de \u00faltima generaci\u00f3n que ampliar\u00e1 la capacidad operativa de la compa\u00f1\u00eda y reforzar\u00e1 la conectividad en regiones donde el transporte a\u00e9reo es esencial para la movilidad, el desarrollo econ\u00f3mico y la integraci\u00f3n social.<\/p>\n\n\n\n<p>El avi\u00f3n, identificado con el n\u00famero de serie MSN 1619, arribar\u00e1 al pa\u00eds luego de un vuelo ferry realizado desde el Centro de Entregas de ATR en Toulouse, Francia\u00a0del\u00a016\u00a0al 19 de diciembre de 2025. Su llegada fortalece el plan de modernizaci\u00f3n y expansi\u00f3n de flota que Satena viene implementando para aumentar su presencia regional y mejorar la eficiencia de sus operaciones.<\/p>\n\n\n\n<p>Itinerario oficial del vuelo ferry<\/p>\n\n\n\n<p>\u2022&nbsp;<strong>Lunes 15 de diciembre de 2025:<\/strong>&nbsp;Recepci\u00f3n de la aeronave en el Aeropuerto LFBO \u2013 Toulouse Blagnac, Francia.<\/p>\n\n\n\n<p>\u2022&nbsp;<strong>M<\/strong><strong>i\u00e9rcoles<\/strong><strong>&nbsp;1<\/strong><strong>7<\/strong><strong>&nbsp;de diciembre de 2025:<\/strong>&nbsp;Inicio del vuelo ferry en la ruta LFBO \u2013 BIKF (Toulouse Blagnac, Francia \u2013 Keflav\u00edk, Islandia).<\/p>\n\n\n\n<p>\u2022&nbsp;<strong>Jueves<\/strong><strong>&nbsp;1<\/strong><strong>8<\/strong><strong>&nbsp;de diciembre de 2025:<\/strong>&nbsp;Continuaci\u00f3n del vuelo con los tramos BIKF \u2013 CYYR y CYYR \u2013 CYHZ (Keflav\u00edk, Islandia \u2013 Goose Bay, Canad\u00e1; Goose Bay \u2013 Halifax, Nueva Escocia).&nbsp;<\/p>\n\n\n\n<p>\u2022&nbsp;<strong>Viernes<\/strong><strong>&nbsp;1<\/strong><strong>9<\/strong><strong>&nbsp;de diciembre de 2025:<\/strong>&nbsp;Vuelo ferry entre CYHZ y MYNN (Halifax, Nueva Escocia \u2013 Nassau, Bahamas).<\/p>\n\n\n\n<p>\u2022\u00a0<strong>S\u00e1bado\u00a020\u00a0de diciembre de 2025:<\/strong>\u00a0Vuelo ferry final entre MYNN y SKBO (Nassau \u2013 Hangar Satena, Bogot\u00e1, Colombia).<\/p>\n\n\n\n<p><\/p>\n","protected":false},"excerpt":{"rendered":"<p>Bogot\u00e1, diciembre 17 de 2025.\u00a0Satena, la aerol\u00ednea de los colombianos, anunci\u00f3 la llegada de un nuevo ATR 42-600, una aeronave de \u00faltima generaci\u00f3n que ampliar\u00e1 la capacidad operativa de la compa\u00f1\u00eda y reforzar\u00e1 la conectividad en regiones donde el transporte a\u00e9reo es esencial para la movilidad, el desarrollo econ\u00f3mico y la integraci\u00f3n social. El avi\u00f3n,&#8230;<\/p>\n","protected":false},"author":5,"featured_media":18896,"comment_status":"closed","ping_status":"closed","sticky":false,"template":"","format":"standard","meta":{"_FSMCFIC_featured_image_caption":"","_FSMCFIC_featured_image_nocaption":"","_FSMCFIC_featured_image_hide":"","footnotes":""},"categories":[22],"tags":[],"class_list":["post-18895","post","type-post","status-publish","format-standard","has-post-thumbnail","hentry","category-el_resto"],"_links":{"self":[{"href":"https:\/\/economiaconedmer.com\/economiaenserio\/wp-json\/wp\/v2\/posts\/18895","targetHints":{"allow":["GET"]}}],"collection":[{"href":"https:\/\/economiaconedmer.com\/economiaenserio\/wp-json\/wp\/v2\/posts"}],"about":[{"href":"https:\/\/economiaconedmer.com\/economiaenserio\/wp-json\/wp\/v2\/types\/post"}],"author":[{"embeddable":true,"href":"https:\/\/economiaconedmer.com\/economiaenserio\/wp-json\/wp\/v2\/users\/5"}],"replies":[{"embeddable":true,"href":"https:\/\/economiaconedmer.com\/economiaenserio\/wp-json\/wp\/v2\/comments?post=18895"}],"version-history":[{"count":1,"href":"https:\/\/economiaconedmer.com\/economiaenserio\/wp-json\/wp\/v2\/posts\/18895\/revisions"}],"predecessor-version":[{"id":18897,"href":"https:\/\/economiaconedmer.com\/economiaenserio\/wp-json\/wp\/v2\/posts\/18895\/revisions\/18897"}],"wp:featuredmedia":[{"embeddable":true,"href":"https:\/\/economiaconedmer.com\/economiaenserio\/wp-json\/wp\/v2\/media\/18896"}],"wp:attachment":[{"href":"https:\/\/economiaconedmer.com\/economiaenserio\/wp-json\/wp\/v2\/media?parent=18895"}],"wp:term":[{"taxonomy":"category","embeddable":true,"href":"https:\/\/economiaconedmer.com\/economiaenserio\/wp-json\/wp\/v2\/categories?post=18895"},{"taxonomy":"post_tag","embeddable":true,"href":"https:\/\/economiaconedmer.com\/economiaenserio\/wp-json\/wp\/v2\/tags?post=18895"}],"curies":[{"name":"wp","href":"https:\/\/api.w.org\/{rel}","templated":true}]}}