{"id":18880,"date":"2025-12-16T21:23:03","date_gmt":"2025-12-17T02:23:03","guid":{"rendered":"https:\/\/economiaconedmer.com\/economiaenserio\/?p=18880"},"modified":"2025-12-16T21:23:03","modified_gmt":"2025-12-17T02:23:03","slug":"terpel-sunex-consolida-su-presencia-en-el-sector-de-generacion-de-energia-solar","status":"publish","type":"post","link":"https:\/\/economiaconedmer.com\/economiaenserio\/12\/16\/terpel-sunex-consolida-su-presencia-en-el-sector-de-generacion-de-energia-solar\/el_resto\/2025\/","title":{"rendered":"Terpel Sunex consolida su presencia en el sector de generaci\u00f3n de energ\u00eda solar"},"content":{"rendered":"\n<p>La apuesta de la Empresa responde a una necesidad nacional cada vez m\u00e1s evidente: aumentar la disponibilidad de energ\u00eda limpia&nbsp;y&nbsp;robustecer la matriz energ\u00e9tica. En ese camino,&nbsp;Terpel Sunex&nbsp;avanza como un aliado para el sector industrial y para todos los colombianos, desarrollando e invirtiendo en proyectos solares que aporten a la seguridad energ\u00e9tica del pa\u00eds.&nbsp;<\/p>\n\n\n\n<p><em>\u201cHoy, Colombia enfrenta un reto importante en materia de<\/em><em>generaci\u00f3n<\/em><em>&nbsp;<\/em><em>de energ\u00eda<\/em><em>. Vemos en este momento una oportunidad para aportar soluciones que combinan innovaci\u00f3n, sostenibilidad y seguridad energ\u00e9tica. Nuestra visi\u00f3n es<\/em><em>&nbsp;ser un aliado energ\u00e9tico para el pa\u00eds,&nbsp;<\/em><em>impulsando iniciativas que fortalezcan la sostenibilidad y el abastecimiento energ\u00e9tico nacional\u201d<\/em>, se\u00f1ala Mauricio Ocampo Vargas, Gerente General de Terpel Sunex.<\/p>\n\n\n\n<p>Nuevos desarrollos en generaci\u00f3n de energ\u00eda<\/p>\n\n\n\n<p>Como parte del crecimiento de esta nueva l\u00ednea de negocio, Terpel Sunex proyecta que durante los pr\u00f3ximos&nbsp;cinco&nbsp;a\u00f1os contar\u00e1 con al menos&nbsp;600&nbsp;MWp&nbsp;en etapas de pre-construcci\u00f3n, construcci\u00f3n y operaci\u00f3n. Esta expectativa marca un hito clave en su estrategia y refleja la capacidad de la Compa\u00f1\u00eda para acelerar la implementaci\u00f3n de proyectos solares a gran escala&nbsp;dentro del ecosistema Terpel.&nbsp;<\/p>\n\n\n\n<p>El avance en generaci\u00f3n de energ\u00eda renovable fortalece el posicionamiento de Terpel Sunex como un actor s\u00f3lido de la industria. Su creciente presencia en el sector solar no solo impulsa la descarbonizaci\u00f3n, sino que contribuye directamente al cuidado del medio ambiente y a la resiliencia del sistema energ\u00e9tico.<\/p>\n\n\n\n<p>Un momento decisivo para el pa\u00eds<\/p>\n\n\n\n<p>La coyuntura actual del sector energ\u00e9tico colombiano evidencia la necesidad de sumar nuevas fuentes de generaci\u00f3n renovable. Un mayor nivel de dependencia de&nbsp;energ\u00e9ticos&nbsp;importados, sumado al retraso de&nbsp;una gran parte de los&nbsp;proyectos de infraestructura el\u00e9ctrica&nbsp;y generaci\u00f3n, ha aumentado los desaf\u00edos para garantizar el abastecimiento nacional.<\/p>\n\n\n\n<p>Frente a este panorama, Terpel Sunex identifica una oportunidad determinante: desarrollar proyectos solares que aporten suficiencia energ\u00e9tica, impulsen la transici\u00f3n y ofrezcan soluciones sostenibles, alineadas con la visi\u00f3n de Organizaci\u00f3n Terpel.&nbsp;<\/p>\n\n\n\n<p>Compromiso con el pa\u00eds y el medio ambiente<\/p>\n\n\n\n<p>En el marco de su compromiso por acelerar la transici\u00f3n energ\u00e9tica en Colombia, Terpel integr\u00f3 recientemente a su portafolio el Parque Solar Planeta Rica, un proyecto fotovoltaico de m\u00e1s de 26 MWp,&nbsp;ubicado en el departamento de C\u00f3rdoba&nbsp;y capaz de generar m\u00e1s de 45.000 MWh\/a\u00f1o, suficientes para alimentar m\u00e1s de 23.000 hogares colombianos cada a\u00f1o.&nbsp;Con&nbsp;este parque solar, Terpel no solo ampl\u00eda su capacidad de generaci\u00f3n renovable, sino que reafirma su apuesta por iniciativas que contribuyan al bienestar ambiental y al abastecimiento&nbsp;energ\u00e9tico&nbsp;de Colombia. Este hito representa un paso m\u00e1s en la visi\u00f3n corporativa de acompa\u00f1ar al pa\u00eds en la construcci\u00f3n de un futuro energ\u00e9tico responsable, moderno y alineado con los desaf\u00edos globales del cambio clim\u00e1tico.<\/p>\n\n\n\n<p>Apostar por la energ\u00eda renovable es apostar por el futuro de Colombia y este es el compromiso de la Organizaci\u00f3n Terpel. La energ\u00eda solar reduce la huella de carbono, promueve una matriz m\u00e1s limpia y fortalece la seguridad energ\u00e9tica de los colombianos.<\/p>\n\n\n\n<p><em>\u201cNos estamos consolidando como un socio estrat\u00e9gico para el pa\u00eds en la generaci\u00f3n de energ\u00eda limpia y el cuidado del medio ambiente\u201d<\/em>, destaca el Gerente General de Terpel Sunex.<\/p>\n\n\n\n<p><\/p>\n","protected":false},"excerpt":{"rendered":"<p>La apuesta de la Empresa responde a una necesidad nacional cada vez m\u00e1s evidente: aumentar la disponibilidad de energ\u00eda limpia&nbsp;y&nbsp;robustecer la matriz energ\u00e9tica. En ese camino,&nbsp;Terpel Sunex&nbsp;avanza como un aliado para el sector industrial y para todos los colombianos, desarrollando e invirtiendo en proyectos solares que aporten a la seguridad energ\u00e9tica del pa\u00eds.&nbsp; \u201cHoy, Colombia&#8230;<\/p>\n","protected":false},"author":5,"featured_media":18881,"comment_status":"closed","ping_status":"closed","sticky":false,"template":"","format":"standard","meta":{"_FSMCFIC_featured_image_caption":"","_FSMCFIC_featured_image_nocaption":"","_FSMCFIC_featured_image_hide":"","footnotes":""},"categories":[22],"tags":[],"class_list":["post-18880","post","type-post","status-publish","format-standard","has-post-thumbnail","hentry","category-el_resto"],"_links":{"self":[{"href":"https:\/\/economiaconedmer.com\/economiaenserio\/wp-json\/wp\/v2\/posts\/18880","targetHints":{"allow":["GET"]}}],"collection":[{"href":"https:\/\/economiaconedmer.com\/economiaenserio\/wp-json\/wp\/v2\/posts"}],"about":[{"href":"https:\/\/economiaconedmer.com\/economiaenserio\/wp-json\/wp\/v2\/types\/post"}],"author":[{"embeddable":true,"href":"https:\/\/economiaconedmer.com\/economiaenserio\/wp-json\/wp\/v2\/users\/5"}],"replies":[{"embeddable":true,"href":"https:\/\/economiaconedmer.com\/economiaenserio\/wp-json\/wp\/v2\/comments?post=18880"}],"version-history":[{"count":1,"href":"https:\/\/economiaconedmer.com\/economiaenserio\/wp-json\/wp\/v2\/posts\/18880\/revisions"}],"predecessor-version":[{"id":18882,"href":"https:\/\/economiaconedmer.com\/economiaenserio\/wp-json\/wp\/v2\/posts\/18880\/revisions\/18882"}],"wp:featuredmedia":[{"embeddable":true,"href":"https:\/\/economiaconedmer.com\/economiaenserio\/wp-json\/wp\/v2\/media\/18881"}],"wp:attachment":[{"href":"https:\/\/economiaconedmer.com\/economiaenserio\/wp-json\/wp\/v2\/media?parent=18880"}],"wp:term":[{"taxonomy":"category","embeddable":true,"href":"https:\/\/economiaconedmer.com\/economiaenserio\/wp-json\/wp\/v2\/categories?post=18880"},{"taxonomy":"post_tag","embeddable":true,"href":"https:\/\/economiaconedmer.com\/economiaenserio\/wp-json\/wp\/v2\/tags?post=18880"}],"curies":[{"name":"wp","href":"https:\/\/api.w.org\/{rel}","templated":true}]}}