{"id":18869,"date":"2025-12-16T20:59:13","date_gmt":"2025-12-17T01:59:13","guid":{"rendered":"https:\/\/economiaconedmer.com\/economiaenserio\/?p=18869"},"modified":"2025-12-16T20:59:13","modified_gmt":"2025-12-17T01:59:13","slug":"consternacion-entre-arroceros-por-el-asesinato-de-dirigente-de-fedearroz","status":"publish","type":"post","link":"https:\/\/economiaconedmer.com\/economiaenserio\/12\/16\/consternacion-entre-arroceros-por-el-asesinato-de-dirigente-de-fedearroz\/el_resto\/2025\/","title":{"rendered":"Consternaci\u00f3n entre arroceros por el asesinato de dirigente de Fedearroz"},"content":{"rendered":"\n<p><strong>Bogot\u00e1, diciembre 16 de 2025.<\/strong>\u00a0La Federaci\u00f3n Nacional de Arroceros (Fedearroz),\u00a0expresa su m\u00e1s profundo sentimiento de dolor\u00a0y\u00a0consternaci\u00f3n\u00a0por el asesinato del productor arrocero\u00a0Campo El\u00edas Urrutia\u00a0Vargas,\u00a0miembro de la Junta Directiva Nacional de Fedearroz, ocurrido la noche anterior en su finca en el municipio de Tauramena, Casanare.<\/p>\n\n\n\n<p>Al tiempo que lament\u00f3&nbsp;con gran pesar&nbsp;este hecho, el gerente general de&nbsp;Fedearroz,&nbsp;Rafael&nbsp;Hern\u00e1ndez Lozano, expres\u00f3&nbsp;total y en\u00e9rgico&nbsp;rechazo a este crimen, con el que se reitera una vez m\u00e1s la gravedad de la terrible ola de inseguridad que afecta al campo colombiano;&nbsp;que en esta oportunidad ha&nbsp;segado&nbsp;la vida de un reconocido y destacado l\u00edder de la Federaci\u00f3n en el departamento de Casanare.<\/p>\n\n\n\n<p>Urrutia Vargas\u00a0quien\u00a0era tambi\u00e9n\u00a0conocido\u00a0por su\u00a0invaluable labor como docente\u00a0en esa regi\u00f3n,\u00a0perteneci\u00f3 durante\u00a0varios a\u00f1os al\u00a0Comit\u00e9 de\u00a0Arroceros\u00a0de Fedearroz en\u00a0Aguazul\u00a0y hab\u00eda sido nombrado miembro de la Junta Directiva\u00a0de Fedearroz\u00a0en el Congreso Nacional Arrocero\u00a0del pasado mes de diciembre de 2024.\u00a0<\/p>\n\n\n\n<p>Su partida no solo representa una p\u00e9rdida irreparable para su familia y amigos, sino tambi\u00e9n para&nbsp;todo el sector&nbsp;arrocero, donde su conocimiento, compromiso y liderazgo eran altamente valorados.<\/p>\n\n\n\n<p>Ante&nbsp;su asesinato se exige de&nbsp;las autoridades competentes una investigaci\u00f3n pronta y exhaustiva que permita esclarecer los hechos, identificar a los responsables de este crimen y llevarlos ante la justicia.<\/p>\n\n\n\n<p>La seguridad de nuestros agricultores y l\u00edderes gremiales es fundamental para la paz y el desarrollo del campo colombiano, que espera de las autoridades&nbsp;redoblar los esfuerzos para garantizarla.<\/p>\n\n\n\n<p>La Junta Directiva Nacional, la Gerencia General, todos los funcionarios y&nbsp;los&nbsp;miles de afiliados de&nbsp;Fedearroz&nbsp;en el pa\u00eds,&nbsp;se solidarizan en su dolor con la familia de nuestro productor Campo&nbsp;El\u00edas&nbsp;Urrutia Vargas&nbsp;(q.e.p.d).<\/p>\n","protected":false},"excerpt":{"rendered":"<p>Bogot\u00e1, diciembre 16 de 2025.\u00a0La Federaci\u00f3n Nacional de Arroceros (Fedearroz),\u00a0expresa su m\u00e1s profundo sentimiento de dolor\u00a0y\u00a0consternaci\u00f3n\u00a0por el asesinato del productor arrocero\u00a0Campo El\u00edas Urrutia\u00a0Vargas,\u00a0miembro de la Junta Directiva Nacional de Fedearroz, ocurrido la noche anterior en su finca en el municipio de Tauramena, Casanare. Al tiempo que lament\u00f3&nbsp;con gran pesar&nbsp;este hecho, el gerente general de&nbsp;Fedearroz,&nbsp;Rafael&nbsp;Hern\u00e1ndez Lozano,&#8230;<\/p>\n","protected":false},"author":5,"featured_media":18870,"comment_status":"closed","ping_status":"closed","sticky":false,"template":"","format":"standard","meta":{"_FSMCFIC_featured_image_caption":"","_FSMCFIC_featured_image_nocaption":"","_FSMCFIC_featured_image_hide":"","footnotes":""},"categories":[22],"tags":[],"class_list":["post-18869","post","type-post","status-publish","format-standard","has-post-thumbnail","hentry","category-el_resto"],"_links":{"self":[{"href":"https:\/\/economiaconedmer.com\/economiaenserio\/wp-json\/wp\/v2\/posts\/18869","targetHints":{"allow":["GET"]}}],"collection":[{"href":"https:\/\/economiaconedmer.com\/economiaenserio\/wp-json\/wp\/v2\/posts"}],"about":[{"href":"https:\/\/economiaconedmer.com\/economiaenserio\/wp-json\/wp\/v2\/types\/post"}],"author":[{"embeddable":true,"href":"https:\/\/economiaconedmer.com\/economiaenserio\/wp-json\/wp\/v2\/users\/5"}],"replies":[{"embeddable":true,"href":"https:\/\/economiaconedmer.com\/economiaenserio\/wp-json\/wp\/v2\/comments?post=18869"}],"version-history":[{"count":1,"href":"https:\/\/economiaconedmer.com\/economiaenserio\/wp-json\/wp\/v2\/posts\/18869\/revisions"}],"predecessor-version":[{"id":18871,"href":"https:\/\/economiaconedmer.com\/economiaenserio\/wp-json\/wp\/v2\/posts\/18869\/revisions\/18871"}],"wp:featuredmedia":[{"embeddable":true,"href":"https:\/\/economiaconedmer.com\/economiaenserio\/wp-json\/wp\/v2\/media\/18870"}],"wp:attachment":[{"href":"https:\/\/economiaconedmer.com\/economiaenserio\/wp-json\/wp\/v2\/media?parent=18869"}],"wp:term":[{"taxonomy":"category","embeddable":true,"href":"https:\/\/economiaconedmer.com\/economiaenserio\/wp-json\/wp\/v2\/categories?post=18869"},{"taxonomy":"post_tag","embeddable":true,"href":"https:\/\/economiaconedmer.com\/economiaenserio\/wp-json\/wp\/v2\/tags?post=18869"}],"curies":[{"name":"wp","href":"https:\/\/api.w.org\/{rel}","templated":true}]}}