{"id":18866,"date":"2025-12-16T20:51:39","date_gmt":"2025-12-17T01:51:39","guid":{"rendered":"https:\/\/economiaconedmer.com\/economiaenserio\/?p=18866"},"modified":"2025-12-16T20:51:40","modified_gmt":"2025-12-17T01:51:40","slug":"empresas-afectadas-por-el-conflicto-armado-tendran-credito-de-bancoldex","status":"publish","type":"post","link":"https:\/\/economiaconedmer.com\/economiaenserio\/12\/16\/empresas-afectadas-por-el-conflicto-armado-tendran-credito-de-bancoldex\/el_resto\/2025\/","title":{"rendered":"Empresas afectadas por el conflicto armado tendr\u00e1n cr\u00e9dito de Banc\u00f3ldex"},"content":{"rendered":"\n<p><strong>Bogot\u00e1, 16 de diciembre de 2025.<\/strong> Banc\u00f3ldex, el banco de desarrollo empresarial de<br>Colombia, anunci\u00f3 que puso en marcha una nueva l\u00ednea de cr\u00e9dito orientada a financiar a<br>micro, peque\u00f1as y medianas empresas que han sido v\u00edctimas del conflicto armado interno<br>en los \u00faltimos a\u00f1os.<br>Esto significa que las personas v\u00edctimas del conflicto que sean due\u00f1as de negocio, o<br>tambi\u00e9n socias, podr\u00e1n acceder a un monto m\u00e1ximo de financiaci\u00f3n de $50 millones para<br>cubrir necesidades como compra de insumos y materias primas, adquisici\u00f3n de maquinaria<br>y equipo, remodelaciones, reparaciones locativas, adquisici\u00f3n de muebles y enseres y,<br>tambi\u00e9n, de veh\u00edculos de carga y pasajeros.<br>Seg\u00fan lo establecido por las condiciones de esta l\u00ednea, que no involucra a aquellas<br>empresas que desarrollen actividades del sector agro, el reconocimiento de la condici\u00f3n de<br>v\u00edctima lo har\u00e1 la Unidad Administrativa Especial para la Atenci\u00f3n y Reparaci\u00f3n Integral a<br>V\u00edctimas. Lo anterior implica que el solicitante debe estar incluido en el Registro \u00danico de<br>V\u00edctimas de esa misma entidad.<br>Por otra parte, en cuanto a plazos, esta nueva herramienta -que ya se encuentra vigenteestablece que para capital de trabajo y consolidaci\u00f3n de pasivos el tiempo m\u00e1ximo para<br>que se cumplan las obligaciones es de hasta tres a\u00f1os. As\u00ed mismo, cuando los recursos<br>van dirigidos a la modernizaci\u00f3n de empresas que han sido v\u00edctimas del conflicto, el l\u00edmite<br>son cinco a\u00f1os.<br>Sonia Garc\u00eda, directora de la Regional Centro de Banc\u00f3ldex, explic\u00f3 que \u201cesta nueva<br>herramienta que desde ya se encuentra a disposici\u00f3n de aquellas compa\u00f1\u00edas que han<br>sentido las repercusiones del conflicto armado cuenta con un apoyo fundamental: las<br>garant\u00edas del Fondo Nacional de Garant\u00edas (FNG)\u201d.<\/p>\n\n\n\n<p><strong>\u00bfC\u00f3mo pueden acceder?<\/strong><br>Seg\u00fan la directora de la Regional Centro de Banc\u00f3ldex, los representantes de las empresas<br>que est\u00e9n interesadas en acceder a financiamiento por medio de este instrumento se<br>pueden acercar a cualquier establecimiento de cr\u00e9dito en el territorio nacional que tenga<br>cupo con Banc\u00f3ldex y realizar la solicitud del pr\u00e9stamo.<br>Durante el proceso realizado por el solicitante, la Unidad para la Atenci\u00f3n y Reparaci\u00f3n<br>Integral de V\u00edctimas deber\u00e1 hacer la acreditaci\u00f3n respectiva. Terminado este proceso, la<br>Unidad informar\u00e1 a Banc\u00f3ldex para continuar el tr\u00e1mite del pr\u00e9stamo con la entidad<br>financiera contactada previamente por el empresario interesado.<\/p>\n\n\n\n<p><\/p>\n","protected":false},"excerpt":{"rendered":"<p>Bogot\u00e1, 16 de diciembre de 2025. Banc\u00f3ldex, el banco de desarrollo empresarial deColombia, anunci\u00f3 que puso en marcha una nueva l\u00ednea de cr\u00e9dito orientada a financiar amicro, peque\u00f1as y medianas empresas que han sido v\u00edctimas del conflicto armado internoen los \u00faltimos a\u00f1os.Esto significa que las personas v\u00edctimas del conflicto que sean due\u00f1as de negocio, otambi\u00e9n&#8230;<\/p>\n","protected":false},"author":5,"featured_media":18867,"comment_status":"closed","ping_status":"closed","sticky":false,"template":"","format":"standard","meta":{"_FSMCFIC_featured_image_caption":"","_FSMCFIC_featured_image_nocaption":"","_FSMCFIC_featured_image_hide":"","footnotes":""},"categories":[22],"tags":[],"class_list":["post-18866","post","type-post","status-publish","format-standard","has-post-thumbnail","hentry","category-el_resto"],"_links":{"self":[{"href":"https:\/\/economiaconedmer.com\/economiaenserio\/wp-json\/wp\/v2\/posts\/18866","targetHints":{"allow":["GET"]}}],"collection":[{"href":"https:\/\/economiaconedmer.com\/economiaenserio\/wp-json\/wp\/v2\/posts"}],"about":[{"href":"https:\/\/economiaconedmer.com\/economiaenserio\/wp-json\/wp\/v2\/types\/post"}],"author":[{"embeddable":true,"href":"https:\/\/economiaconedmer.com\/economiaenserio\/wp-json\/wp\/v2\/users\/5"}],"replies":[{"embeddable":true,"href":"https:\/\/economiaconedmer.com\/economiaenserio\/wp-json\/wp\/v2\/comments?post=18866"}],"version-history":[{"count":1,"href":"https:\/\/economiaconedmer.com\/economiaenserio\/wp-json\/wp\/v2\/posts\/18866\/revisions"}],"predecessor-version":[{"id":18868,"href":"https:\/\/economiaconedmer.com\/economiaenserio\/wp-json\/wp\/v2\/posts\/18866\/revisions\/18868"}],"wp:featuredmedia":[{"embeddable":true,"href":"https:\/\/economiaconedmer.com\/economiaenserio\/wp-json\/wp\/v2\/media\/18867"}],"wp:attachment":[{"href":"https:\/\/economiaconedmer.com\/economiaenserio\/wp-json\/wp\/v2\/media?parent=18866"}],"wp:term":[{"taxonomy":"category","embeddable":true,"href":"https:\/\/economiaconedmer.com\/economiaenserio\/wp-json\/wp\/v2\/categories?post=18866"},{"taxonomy":"post_tag","embeddable":true,"href":"https:\/\/economiaconedmer.com\/economiaenserio\/wp-json\/wp\/v2\/tags?post=18866"}],"curies":[{"name":"wp","href":"https:\/\/api.w.org\/{rel}","templated":true}]}}