{"id":18859,"date":"2025-12-16T20:32:00","date_gmt":"2025-12-17T01:32:00","guid":{"rendered":"https:\/\/economiaconedmer.com\/economiaenserio\/?p=18859"},"modified":"2025-12-16T20:32:01","modified_gmt":"2025-12-17T01:32:01","slug":"rentar-carro-una-opcion-familiar-para-la-temporada-de-fin-de-ano","status":"publish","type":"post","link":"https:\/\/economiaconedmer.com\/economiaenserio\/12\/16\/rentar-carro-una-opcion-familiar-para-la-temporada-de-fin-de-ano\/el_resto\/2025\/","title":{"rendered":"Rentar carro, una opci\u00f3n familiar para la temporada de fin de a\u00f1o"},"content":{"rendered":"\n<p><strong>Medell\u00edn, diciembre 16 de 2025.<\/strong>\u00a0Si usted no tiene carro y quiere disfrutar de mayor comodidad a la hora de tomar las vacaciones de fin de a\u00f1o con su familia, rente un veh\u00edculo. Esta una posibilidad vers\u00e1til y segura para quienes buscan autonom\u00eda y facilidad a la hora de movilizarse por las carreteras del pa\u00eds. <\/p>\n\n\n\n<p>La Superintendencia de Transporte report\u00f3 que, durante la temporada de fin de a\u00f1o de 2024, m\u00e1s de\u00a0<strong>4,04 millones de pasajeros<\/strong>\u00a0se movilizaron por transporte terrestre. Eso significa que el transporte p\u00fablico a trav\u00e9s de flotas, colectivos, taxis y hasta en avi\u00f3n, tendr\u00e1 complicaciones en esta temporada, no solamente porque es dif\u00edcil conseguir un cupo, sino porque las filas son interminables.   <\/p>\n\n\n\n<p>Datos del sector se\u00f1alan que las reservas de alquiler de veh\u00edculos en diciembre superan ampliamente las de una temporada regular, reafirmando una tendencia en expansi\u00f3n.<\/p>\n\n\n\n<p>Entre las razones detr\u00e1s de este cambio, los viajeros destacan beneficios concretos:<\/p>\n\n\n\n<p>\u2022&nbsp;<strong>Planificaci\u00f3n a medida<\/strong>: Libertad para decidir horarios y rutas sin depender del transporte p\u00fablico.<\/p>\n\n\n\n<p>\u2022&nbsp;<strong>Itinerarios din\u00e1micos<\/strong>: Posibilidad de modificar el recorrido y llegar a destinos menos conectados.<\/p>\n\n\n\n<p>\u2022&nbsp;<strong>Variedad para cada tipo de viaje<\/strong>: Desde autos econ\u00f3micos para ciudad, hasta camionetas para viajes familiares o trayectos exigentes.<\/p>\n\n\n\n<p>\u2022&nbsp;<strong>Seguridad y respaldo<\/strong>: Veh\u00edculos con revisiones t\u00e9cnicas y asistencia 24\/7 en carretera.<\/p>\n\n\n\n<p>\u2022&nbsp;<strong>Eficiencia de costos<\/strong>: En recorridos largos, alquilar puede resultar m\u00e1s conveniente que usar un veh\u00edculo propio.<\/p>\n\n\n\n<p>\u2022&nbsp;<strong>Flexibilidad log\u00edstica<\/strong>: Recoger y devolver el veh\u00edculo en distintas ciudades gracias a la cobertura nacional de las empresas del sector.<\/p>\n\n\n\n<p>En esta temporada alta, la disponibilidad de distintos tipos de veh\u00edculos permitir\u00e1 a los viajeros encontrar opciones acordes a su ruta, presupuesto y estilo de viaje, haciendo posible que puedan desplazarse con mayor libertad y sin contratiempos, incluso en los momentos de mayor demanda.<\/p>\n\n\n\n<p>Para Diego Avenda\u00f1o, l\u00edder de Localiza Rent a Car en Colombia, este comportamiento refleja un cambio en la forma de movilizarse:<\/p>\n\n\n\n<p>\u00ab<em>El alquiler de veh\u00edculos se ha convertido en una alternativa estrat\u00e9gica para quienes buscan viajar sin complicaciones y con control total sobre su experiencia. No se trata solo de llegar al destino, sino de disfrutar el recorrido, optimizar el tiempo y viajar con la tranquilidad de tener todo bajo control<\/em>\u00ab, se\u00f1ala.<\/p>\n\n\n\n<p>Este repunte en la preferencia por la renta de veh\u00edculos se suma al dinamismo tur\u00edstico que caracteriza las festividades decembrinas. Seg\u00fan datos del Ministerio de Comercio, Industria y Turismo, diciembre de 2024 registr\u00f3 altos niveles de ocupaci\u00f3n hotelera: 72,4 % en Cartagena, 66 % en San Andr\u00e9s y Providencia, y 56,1 % en Antioquia. Adem\u00e1s, el pa\u00eds recibi\u00f3 un 10,9 % m\u00e1s visitantes no residentes en comparaci\u00f3n con el a\u00f1o anterior.<\/p>\n\n\n\n<p>En ese contexto, el alquiler de veh\u00edculos se posiciona no solo como una soluci\u00f3n de movilidad id\u00f3nea para la temporada, sino como un motor que facilita la conexi\u00f3n entre regiones y contribuye al impacto econ\u00f3mico y social que estas fechas dejan en todo el territorio colombiano.<\/p>\n\n\n\n<p><\/p>\n","protected":false},"excerpt":{"rendered":"<p>Medell\u00edn, diciembre 16 de 2025.\u00a0Si usted no tiene carro y quiere disfrutar de mayor comodidad a la hora de tomar las vacaciones de fin de a\u00f1o con su familia, rente un veh\u00edculo. Esta una posibilidad vers\u00e1til y segura para quienes buscan autonom\u00eda y facilidad a la hora de movilizarse por las carreteras del pa\u00eds. La&#8230;<\/p>\n","protected":false},"author":5,"featured_media":18860,"comment_status":"closed","ping_status":"closed","sticky":false,"template":"","format":"standard","meta":{"_FSMCFIC_featured_image_caption":"","_FSMCFIC_featured_image_nocaption":"","_FSMCFIC_featured_image_hide":"","footnotes":""},"categories":[22],"tags":[],"class_list":["post-18859","post","type-post","status-publish","format-standard","has-post-thumbnail","hentry","category-el_resto"],"_links":{"self":[{"href":"https:\/\/economiaconedmer.com\/economiaenserio\/wp-json\/wp\/v2\/posts\/18859","targetHints":{"allow":["GET"]}}],"collection":[{"href":"https:\/\/economiaconedmer.com\/economiaenserio\/wp-json\/wp\/v2\/posts"}],"about":[{"href":"https:\/\/economiaconedmer.com\/economiaenserio\/wp-json\/wp\/v2\/types\/post"}],"author":[{"embeddable":true,"href":"https:\/\/economiaconedmer.com\/economiaenserio\/wp-json\/wp\/v2\/users\/5"}],"replies":[{"embeddable":true,"href":"https:\/\/economiaconedmer.com\/economiaenserio\/wp-json\/wp\/v2\/comments?post=18859"}],"version-history":[{"count":1,"href":"https:\/\/economiaconedmer.com\/economiaenserio\/wp-json\/wp\/v2\/posts\/18859\/revisions"}],"predecessor-version":[{"id":18861,"href":"https:\/\/economiaconedmer.com\/economiaenserio\/wp-json\/wp\/v2\/posts\/18859\/revisions\/18861"}],"wp:featuredmedia":[{"embeddable":true,"href":"https:\/\/economiaconedmer.com\/economiaenserio\/wp-json\/wp\/v2\/media\/18860"}],"wp:attachment":[{"href":"https:\/\/economiaconedmer.com\/economiaenserio\/wp-json\/wp\/v2\/media?parent=18859"}],"wp:term":[{"taxonomy":"category","embeddable":true,"href":"https:\/\/economiaconedmer.com\/economiaenserio\/wp-json\/wp\/v2\/categories?post=18859"},{"taxonomy":"post_tag","embeddable":true,"href":"https:\/\/economiaconedmer.com\/economiaenserio\/wp-json\/wp\/v2\/tags?post=18859"}],"curies":[{"name":"wp","href":"https:\/\/api.w.org\/{rel}","templated":true}]}}