{"id":18828,"date":"2025-12-15T20:10:22","date_gmt":"2025-12-16T01:10:22","guid":{"rendered":"https:\/\/economiaconedmer.com\/economiaenserio\/?p=18828"},"modified":"2025-12-15T20:12:02","modified_gmt":"2025-12-16T01:12:02","slug":"colombia-referente-en-energia-solar-en-a-latina","status":"publish","type":"post","link":"https:\/\/economiaconedmer.com\/economiaenserio\/12\/15\/colombia-referente-en-energia-solar-en-a-latina\/el_resto\/2025\/","title":{"rendered":"Colombia, referente en energ\u00eda solar"},"content":{"rendered":"\n<p><strong>Bogot\u00e1, 15 de diciembre\u00a0 de 2025.\u00a0<\/strong>El sector energ\u00e9tico en Colombia no quiere depender \u00fanicamente de hidroel\u00e9ctricas. Por eso, el pa\u00eds avanza en las energ\u00edas alternativas.<\/p>\n\n\n\n<p>Hoy la demanda el\u00e9ctrica contin\u00faa creciendo de forma acelerada. Seg\u00fan datos de XM, administradora y operadora del Sistema Interconectado Nacional, en agosto del 2025 el pa\u00eds consumi\u00f3 7.212,14 GWh, un 3,83 % m\u00e1s que el mismo mes del a\u00f1o anterior.<\/p>\n\n\n\n<p>Este crecimiento en la demanda el\u00e9ctrica coincide con una aceleraci\u00f3n en la creaci\u00f3n y funcionamiento de proyectos solares, los cuales, se han convertido en una alternativa para aumentar la capacidad instalada, disminuir p\u00e9rdidas en el sistema y fortalecer la resiliencia energ\u00e9tica frente a fen\u00f3menos clim\u00e1ticos como El Ni\u00f1o. Este auge lo revelan los datos: En 2023, el pa\u00eds apenas contaba con 4 proyectos de menos de 100 kW. Para 2024, la cifra salt\u00f3 a 31 Minigranjas un crecimiento del 675 % y en 2025 alcanz\u00f3 las 72 instalaciones de generaci\u00f3n distribuida registradas en XM, lo que representa un crecimiento del 1,700% en solo dos a\u00f1os.<\/p>\n\n\n\n<p>El avance de las Minigranjas no es casual, dado que Colombia cuenta con condiciones naturales excepcionalmente favorables para el desarrollo solar. Con una radiaci\u00f3n promedio superior a 4,5 kWh\/m\u00b2 diarios, seg\u00fan el IDEAM, el pa\u00eds se posiciona entre los territorios con mayor potencial solar de la regi\u00f3n. Esta ventaja resulta relevante al compararse con otros pa\u00edses latinoamericanos que hoy exhiben una mayor penetraci\u00f3n de energ\u00edas renovables, pese a contar con un recurso solar inferior.<\/p>\n\n\n\n<p>Un ejemplo claro es Uruguay, cuya matriz el\u00e9ctrica supera ampliamente el 90 % de generaci\u00f3n renovable apoy\u00e1ndose principalmente en e\u00f3lica e hidr\u00e1ulica, o Chile, que ha logrado escalar su capacidad solar y e\u00f3lica de forma acelerada, incluso en zonas con radiaciones promedio m\u00e1s bajas que las de amplias regiones colombianas, demostrando que el liderazgo renovable no depende \u00fanicamente del recurso, sino de la capacidad de ejecuci\u00f3n y del dise\u00f1o del sistema.&nbsp;<\/p>\n\n\n\n<p>En este contexto, la combinaci\u00f3n de una radiaci\u00f3n solar alta con modelos \u00e1giles y distribuidos como las Minigranjas, respalda una oportunidad real para que Colombia ampl\u00ede su oferta el\u00e9ctrica limpia en tiempos significativamente m\u00e1s cortos que los requeridos por los proyectos centralizados tradicionales, permitiendo que nueva capacidad entre en operaci\u00f3n en cuesti\u00f3n de meses y no de a\u00f1os.<\/p>\n\n\n\n<p><em>\u201cEl crecimiento de la energ\u00eda solar en Colombia ha tra\u00eddo consigo una mayor participaci\u00f3n de nuevos actores y con ello una competencia cada vez m\u00e1s din\u00e1mica. Este escenario es positivo para el pa\u00eds porque impulsa la calidad y la eficiencia de los proyectos. Desde Unergy estamos orgullosos de liderar este cambio, destacando que las 10 Minigranjas solares m\u00e1s productivas de Colombia son nuestras, con el 36.3 % de la generaci\u00f3n total del segmento en el pa\u00eds, operando proyectos que son en promedio un 53 % m\u00e1s eficientes\u201d.&nbsp;<\/em>&nbsp;afirma Eduardo Ospina, cofundador y CEO de Unergy.<\/p>\n\n\n\n<p>El desempe\u00f1o de Minigranjas como Ibirico, La Puya, La Inglesa o Gandalf, sostiene que la generaci\u00f3n distribuida ya no es marginal, sino un componente real del sistema el\u00e9ctrico y un camino viable para democratizar el acceso a energ\u00edas limpias.\u00a0 Estos proyectos demuestran que es posible combinar buena selecci\u00f3n de ubicaciones, tecnolog\u00eda adecuada y operaci\u00f3n eficiente para impulsar la transici\u00f3n energ\u00e9tica en corto tiempo: una Minigranja de 1 MW puede construirse en pocos meses, frente a los largos tiempos de desarrollo de los parques centralizados, lo que las convierte en una herramienta clave para acelerar la transici\u00f3n energ\u00e9tica.<br><\/p>\n\n\n\n<p><strong>2026 clave para resolver cuellos de botella<\/strong><\/p>\n\n\n\n<p>Retos como la&nbsp; falta de financiaci\u00f3n, tiempos de conexi\u00f3n, la capacidad limitada en algunos puntos de la red y la tramitolog\u00eda asociada a permisos y licencias, seguir\u00e1n latentes.&nbsp; En esa l\u00ednea, se puede definir que la regulaci\u00f3n tambi\u00e9n atraviesa una fase de transici\u00f3n porque, si bien existe un marco que habilita la autogeneraci\u00f3n y la generaci\u00f3n distribuida, todav\u00eda se requieren ajustes para agilizar procesos y facilitar la integraci\u00f3n de nuevos proyectos.<\/p>\n\n\n\n<p><em>\u201cM\u00e1s all\u00e1 de la aportaci\u00f3n energ\u00e9tica, las Minigranjas solares generan efectos concretos en los territorios. Cada instalaci\u00f3n evita alrededor de 200 toneladas de CO\u2082 al a\u00f1o, impulsa empleo local y transforma terrenos que antes no ten\u00edan uso productivo. Con m\u00e1s de 20 proyectos en operaci\u00f3n, esto se refleja en cerca de 4.000 toneladas de CO\u2082 evitadas anualmente, alrededor de 600 empleos creados y avances en modelos agrovoltaicos que complementan la econom\u00eda de las comunidades\u201d,&nbsp;<\/em>se\u00f1ala Ospina.<\/p>\n\n\n\n<p>Colombia no solo avanza en capacidad instalada, sino en un cambio de paradigma. El crecimiento sostenido de las Minigranjas Solares,&nbsp; con el potencial de desarrollar hasta 2.500 de ellas en los pr\u00f3ximos a\u00f1os, refleja una transici\u00f3n hacia un sistema el\u00e9ctrico m\u00e1s flexible, distribuido y adaptado a las realidades del territorio.&nbsp;&nbsp;<\/p>\n\n\n\n<p>Con la urgencia de ampliar la oferta el\u00e9ctrica limpia en tiempo r\u00e9cord, m\u00e1s la presencia de proyectos con desempe\u00f1o sobresaliente y la llegada de inversi\u00f3n internacional; el pa\u00eds se consolida como un escenario f\u00e9rtil para escalar este modelo y profundizar su rol como referente en energ\u00eda solar distribuida en Am\u00e9rica Latina.<\/p>\n\n\n\n<p><\/p>\n","protected":false},"excerpt":{"rendered":"<p>Bogot\u00e1, 15 de diciembre\u00a0 de 2025.\u00a0El sector energ\u00e9tico en Colombia no quiere depender \u00fanicamente de hidroel\u00e9ctricas. Por eso, el pa\u00eds avanza en las energ\u00edas alternativas. Hoy la demanda el\u00e9ctrica contin\u00faa creciendo de forma acelerada. Seg\u00fan datos de XM, administradora y operadora del Sistema Interconectado Nacional, en agosto del 2025 el pa\u00eds consumi\u00f3 7.212,14 GWh, un&#8230;<\/p>\n","protected":false},"author":5,"featured_media":18829,"comment_status":"closed","ping_status":"closed","sticky":false,"template":"","format":"standard","meta":{"_FSMCFIC_featured_image_caption":"","_FSMCFIC_featured_image_nocaption":"","_FSMCFIC_featured_image_hide":"","footnotes":""},"categories":[22],"tags":[],"class_list":["post-18828","post","type-post","status-publish","format-standard","has-post-thumbnail","hentry","category-el_resto"],"_links":{"self":[{"href":"https:\/\/economiaconedmer.com\/economiaenserio\/wp-json\/wp\/v2\/posts\/18828","targetHints":{"allow":["GET"]}}],"collection":[{"href":"https:\/\/economiaconedmer.com\/economiaenserio\/wp-json\/wp\/v2\/posts"}],"about":[{"href":"https:\/\/economiaconedmer.com\/economiaenserio\/wp-json\/wp\/v2\/types\/post"}],"author":[{"embeddable":true,"href":"https:\/\/economiaconedmer.com\/economiaenserio\/wp-json\/wp\/v2\/users\/5"}],"replies":[{"embeddable":true,"href":"https:\/\/economiaconedmer.com\/economiaenserio\/wp-json\/wp\/v2\/comments?post=18828"}],"version-history":[{"count":2,"href":"https:\/\/economiaconedmer.com\/economiaenserio\/wp-json\/wp\/v2\/posts\/18828\/revisions"}],"predecessor-version":[{"id":18832,"href":"https:\/\/economiaconedmer.com\/economiaenserio\/wp-json\/wp\/v2\/posts\/18828\/revisions\/18832"}],"wp:featuredmedia":[{"embeddable":true,"href":"https:\/\/economiaconedmer.com\/economiaenserio\/wp-json\/wp\/v2\/media\/18829"}],"wp:attachment":[{"href":"https:\/\/economiaconedmer.com\/economiaenserio\/wp-json\/wp\/v2\/media?parent=18828"}],"wp:term":[{"taxonomy":"category","embeddable":true,"href":"https:\/\/economiaconedmer.com\/economiaenserio\/wp-json\/wp\/v2\/categories?post=18828"},{"taxonomy":"post_tag","embeddable":true,"href":"https:\/\/economiaconedmer.com\/economiaenserio\/wp-json\/wp\/v2\/tags?post=18828"}],"curies":[{"name":"wp","href":"https:\/\/api.w.org\/{rel}","templated":true}]}}