{"id":18822,"date":"2025-12-15T20:00:27","date_gmt":"2025-12-16T01:00:27","guid":{"rendered":"https:\/\/economiaconedmer.com\/economiaenserio\/?p=18822"},"modified":"2025-12-15T20:03:02","modified_gmt":"2025-12-16T01:03:02","slug":"nuvant-impulsa-a-la-industria-textil-colombiana","status":"publish","type":"post","link":"https:\/\/economiaconedmer.com\/economiaenserio\/12\/15\/nuvant-impulsa-a-la-industria-textil-colombiana\/el_resto\/2025\/","title":{"rendered":"Nuvant impulsa la industria textil del pa\u00eds"},"content":{"rendered":"\n<p><strong>Bogot\u00e1, 15 de diciembre de 2025.&nbsp;<\/strong>El sector textil en Colombia y Latinoam\u00e9rica cerr\u00f3 2025 con un desempe\u00f1o estable y se\u00f1ales claras de recuperaci\u00f3n. Pese a un a\u00f1o retador: tasas de inter\u00e9s elevadas, volatilidad del d\u00f3lar, presi\u00f3n sobre materias primas, inflaci\u00f3n persistente y una demanda global en ajuste; la regi\u00f3n mantuvo un crecimiento sostenido en producci\u00f3n, exportaciones y consumo interno. La apuesta por sostenibilidad, nearshoring y materiales t\u00e9cnicos se consolid\u00f3 como el motor de este comportamiento.<\/p>\n\n\n\n<p>En esa l\u00ednea para Nuvant, l\u00edder textiles recubiertos, este entorno represent\u00f3 una oportunidad: la compa\u00f1\u00eda cerr\u00f3 el a\u00f1o con resultados positivos en ventas, expansi\u00f3n internacional e inversiones estrat\u00e9gicas que fortalecen su posici\u00f3n como referente en textiles t\u00e9cnicos y sostenibles.<\/p>\n\n\n\n<p><em>\u201cEl 2025 fue un a\u00f1o exigente, con costos altos de materias primas y una competencia internacional fuerte. Sin embargo, vimos c\u00f3mo la regi\u00f3n empez\u00f3 a ganar terreno en mercados donde la rapidez, la calidad y la sostenibilidad pesan m\u00e1s que el precio. Ese es exactamente el espacio donde Colombia tuvo la oportunidad de crecer y por su parte, Nuvant&nbsp;<\/em><em>&nbsp;de seguir con el prop\u00f3sito de identificar las tendencias y desarrollar soluciones textiles que respondan a las necesidades del mercado<\/em><em>\u201d,&nbsp;<\/em>afirm\u00f3 Mauricio Restrepo Fleisman, CEO de Nuvant.<\/p>\n\n\n\n<h3 class=\"wp-block-heading\">Latam, un actor clave que gana espacio en el mapa global<\/h3>\n\n\n\n<p>Seg\u00fan un informe del Mercado Latinoamericano de Textiles, el&nbsp; mercado textil en Latam se valor\u00f3 en aproximadamente 79, mil millones de d\u00f3lares en 2024 y se proyecta que crezca a una tasa anual compuesta del 3,2% entre 2025 y 2034, alcanzando un valor de 104, mil millones de d\u00f3lares en 2034.<\/p>\n\n\n\n<p>En esa l\u00ednea, y respaldando el crecimiento de la industria, entre enero y octubre de 2025 Nuvant registr\u00f3 un volumen total de 5,7 millones de metros vendidos, con un 67% dirigido al mercado nacional, lo que confirma que el consumo interno sigue siendo el principal impulso del sector.&nbsp; Por otro lado, las exportaciones textiles van tomando cada vez mayor relevancia, registrando la marca un 33% del total de sus ventas, destacando la Regi\u00f3n Andina, Centroam\u00e9rica, M\u00e9xico, Chile y Estados Unidos, con mayor alcance, especialmente en las l\u00edneas industriales y automotrices.<\/p>\n\n\n\n<p>El fortalecimiento de la regi\u00f3n como destino estrat\u00e9gico para textiles t\u00e9cnicos se debe a factores como su ubicaci\u00f3n geogr\u00e1fica, la rapidez en entregas y la disponibilidad de talento calificado. Colombia destaca en este frente gracias al desarrollo de textiles recubiertos para calzado, marroquiner\u00eda, tapicer\u00eda, protecci\u00f3n industrial, impulsados por innovaci\u00f3n y pr\u00e1cticas sostenibles como biomateriales y recubrimientos de bajo impacto ambiental.<\/p>\n\n\n\n<p><em>\u201cDesde Nuvant las inversiones realizadas en los \u00faltimos a\u00f1os superar\u00e1n los $36M USD en 2025, apalancando no solo el aumento de la capacidad productiva en t\u00e9rminos de vol\u00famen y eficiencia, sino tambi\u00e9n de innovaci\u00f3n. Casos como el de Piel de Caf\u00e9, desarrollado de la mano de startups como BioHunters, que integran la labor de mujeres cafeteras en Pitalito, Huila, se han convertido en ejemplo de productividad local, formalizaci\u00f3n y transferencia de conocimiento t\u00e9cnico.\u201d,&nbsp;<\/em>afirma Diego Barragan, Gerente Global de Marketing de Nuvant.&nbsp;<\/p>\n\n\n\n<p>De la mano de lo anterior, y en t\u00e9rminos de automatizaci\u00f3n, Nuvant destaca las alianzas con grandes expertos, como SIEMENS, para avanzar hacia tecnolog\u00edas de punta, clave para garantizar la eficiencia de los procesos.&nbsp;<\/p>\n\n\n\n<p><strong>El sector textil&nbsp; se prepara para un periodo de transici\u00f3n&nbsp;<\/strong><\/p>\n\n\n\n<p>Las proyecciones del sector indican para 2026 un escenario mixto: oportunidades por la recuperaci\u00f3n del consumo global y la expansi\u00f3n del nearshoring, pero tambi\u00e9n desaf\u00edos derivados del entorno pol\u00edtico tanto interno como externo, de igual forma,&nbsp; un crecimiento moderado para la industria textil latinoamericana, impulsado por la demanda de materiales sostenibles y por sectores como movilidad el\u00e9ctrica e infraestructura.<\/p>\n\n\n\n<p>En esa l\u00ednea, Nuvant traz\u00f3 un plan de crecimiento para el siguiente a\u00f1o enfocado en expansi\u00f3n, automatizaci\u00f3n y sostenibilidad. La compa\u00f1\u00eda proyecta incrementar entre 15 % y 25 % su capacidad productiva, apalancada en inversiones en equipos, integraci\u00f3n digital e industria 4.0. Asimismo, robustecer\u00e1 su l\u00ednea de textiles recubiertos sostenibles mediante nuevas certificaciones, sistemas de trazabilidad y tecnolog\u00edas para usos de mayor exigencia.<\/p>\n\n\n\n<p><em>\u201c2026 ser\u00e1 un a\u00f1o para acelerar. Vamos a seguir invirtiendo en tecnolog\u00eda, talento e innovaci\u00f3n, en especial de los textiles recubiertos. Nuestro prop\u00f3sito desde Nuvant es seguir liderando esta transformaci\u00f3n y continuar posicionando a Colombia en un referente regional, brindando bienestar que perdura\u201d,&nbsp;<\/em>agreg\u00f3 Restrepo.<\/p>\n\n\n\n<p>La compa\u00f1\u00eda l\u00edder en textiles recubiertos, incorporar\u00e1 equipos piloto que permitir\u00e1n crear nuevos desarrollos sin afectar la operaci\u00f3n diaria, e integrar\u00e1 producci\u00f3n, ingenier\u00eda y log\u00edstica mediante plataformas digitales y de IA para mejorar tiempos de entrega, eficiencia en planta y experiencia del cliente.<\/p>\n\n\n\n<p><\/p>\n","protected":false},"excerpt":{"rendered":"<p>Bogot\u00e1, 15 de diciembre de 2025.&nbsp;El sector textil en Colombia y Latinoam\u00e9rica cerr\u00f3 2025 con un desempe\u00f1o estable y se\u00f1ales claras de recuperaci\u00f3n. Pese a un a\u00f1o retador: tasas de inter\u00e9s elevadas, volatilidad del d\u00f3lar, presi\u00f3n sobre materias primas, inflaci\u00f3n persistente y una demanda global en ajuste; la regi\u00f3n mantuvo un crecimiento sostenido en producci\u00f3n,&#8230;<\/p>\n","protected":false},"author":5,"featured_media":18823,"comment_status":"closed","ping_status":"closed","sticky":false,"template":"","format":"standard","meta":{"_FSMCFIC_featured_image_caption":"","_FSMCFIC_featured_image_nocaption":"","_FSMCFIC_featured_image_hide":"","footnotes":""},"categories":[22],"tags":[],"class_list":["post-18822","post","type-post","status-publish","format-standard","has-post-thumbnail","hentry","category-el_resto"],"_links":{"self":[{"href":"https:\/\/economiaconedmer.com\/economiaenserio\/wp-json\/wp\/v2\/posts\/18822","targetHints":{"allow":["GET"]}}],"collection":[{"href":"https:\/\/economiaconedmer.com\/economiaenserio\/wp-json\/wp\/v2\/posts"}],"about":[{"href":"https:\/\/economiaconedmer.com\/economiaenserio\/wp-json\/wp\/v2\/types\/post"}],"author":[{"embeddable":true,"href":"https:\/\/economiaconedmer.com\/economiaenserio\/wp-json\/wp\/v2\/users\/5"}],"replies":[{"embeddable":true,"href":"https:\/\/economiaconedmer.com\/economiaenserio\/wp-json\/wp\/v2\/comments?post=18822"}],"version-history":[{"count":3,"href":"https:\/\/economiaconedmer.com\/economiaenserio\/wp-json\/wp\/v2\/posts\/18822\/revisions"}],"predecessor-version":[{"id":18827,"href":"https:\/\/economiaconedmer.com\/economiaenserio\/wp-json\/wp\/v2\/posts\/18822\/revisions\/18827"}],"wp:featuredmedia":[{"embeddable":true,"href":"https:\/\/economiaconedmer.com\/economiaenserio\/wp-json\/wp\/v2\/media\/18823"}],"wp:attachment":[{"href":"https:\/\/economiaconedmer.com\/economiaenserio\/wp-json\/wp\/v2\/media?parent=18822"}],"wp:term":[{"taxonomy":"category","embeddable":true,"href":"https:\/\/economiaconedmer.com\/economiaenserio\/wp-json\/wp\/v2\/categories?post=18822"},{"taxonomy":"post_tag","embeddable":true,"href":"https:\/\/economiaconedmer.com\/economiaenserio\/wp-json\/wp\/v2\/tags?post=18822"}],"curies":[{"name":"wp","href":"https:\/\/api.w.org\/{rel}","templated":true}]}}