{"id":18623,"date":"2025-12-04T20:59:45","date_gmt":"2025-12-05T01:59:45","guid":{"rendered":"https:\/\/economiaconedmer.com\/economiaenserio\/?p=18623"},"modified":"2025-12-04T21:05:11","modified_gmt":"2025-12-05T02:05:11","slug":"oster-calienta-el-mercado-de-cafeteras-para-el-hogar","status":"publish","type":"post","link":"https:\/\/economiaconedmer.com\/economiaenserio\/12\/04\/oster-calienta-el-mercado-de-cafeteras-para-el-hogar\/el_resto\/2025\/","title":{"rendered":"La marca Oster calienta el mercado colombiano de cafeteras para el hogar"},"content":{"rendered":"\n<p><strong>Bogot\u00e1, noviembre de 2025<\/strong>. Para nadie es un secreto que el caf\u00e9 es parte esencial de la identidad colombiana. Seg\u00fan la Federaci\u00f3n Nacional de Cafeteros, los colombianos consumen en promedio entre 3 y 4 tazas de caf\u00e9 al d\u00eda, &nbsp;impulsando la preferencia por caf\u00e9s de origen, premium y de alta calidad.. Sin embargo, el caf\u00e9 ha dejado de ser solo una bebida cotidiana para convertirse en una experiencia que combina sabor, bienestar y tecnolog\u00eda.<\/p>\n\n\n\n<p>Hoy, el mundo vive la cuarta ola del caf\u00e9, una tendencia que busca llevar la experiencia del barista profesional al hogar, promoviendo un consumo m\u00e1s consciente y personalizado. Esta nueva etapa se caracteriza por la b\u00fasqueda de la mejor experiencia sensorial, la apreciaci\u00f3n de los or\u00edgenes del grano y el uso de m\u00e9todos m\u00e1s avanzados para obtener resultados de nivel cafetero desde casa.<\/p>\n\n\n\n<p>En respuesta a este cambio en los h\u00e1bitos de consumo, Oster presenta sus nuevas cafeteras Perfect Brew y Primalatte, productos dise\u00f1ados para quienes valoran la calidad y la practicidad al momento de preparar caf\u00e9. Este lanzamiento reafirma el compromiso de la marca con la innovaci\u00f3n y con ofrecer soluciones que se adaptan a estilos de vida modernos, donde la preparaci\u00f3n de un espresso o un cappuccino es tambi\u00e9n un ritual de bienestar.<\/p>\n\n\n\n<p>Del trabajo remoto al ritual del espresso<\/p>\n\n\n\n<p>Seg\u00fan&nbsp;<a rel=\"noreferrer noopener\" target=\"_blank\" href=\"https:\/\/www.mordorintelligence.com\/es\/industry-reports\/global-household-coffee-machine-market\">Mordor Intelligence<\/a>, la pandemia transform\u00f3 significativamente el mercado global de m\u00e1quinas de caf\u00e9 para el hogar. Las interrupciones en las cadenas de suministro afectaron tanto la producci\u00f3n de caf\u00e9 como la fabricaci\u00f3n de estos equipos, mientras que el traslado del entorno laboral a los hogares impuls\u00f3 una nueva oportunidad de crecimiento para este segmento. En ese sentido, \u201cel tama\u00f1o del mercado de m\u00e1quinas de caf\u00e9 dom\u00e9sticas se estima en USD 12,83 mil millones en 2024 y se espera que alcance los USD 17,37 mil millones para 2029\u201d.<\/p>\n\n\n\n<p>Este cambio en los h\u00e1bitos de consumo evidenci\u00f3 una tendencia global hacia la b\u00fasqueda de experiencias m\u00e1s personales y de calidad dentro del hogar. Los consumidores ya no solo valoran la funcionalidad, sino tambi\u00e9n la posibilidad de recrear en casa el ritual y la experiencia sensorial de una buena taza de caf\u00e9, impulsando as\u00ed la innovaci\u00f3n y el desarrollo de productos dise\u00f1ados para responder a esas nuevas expectativas.<\/p>\n\n\n\n<p>\u201cEn Oster creemos que cada taza de caf\u00e9 es una oportunidad para crear momentos \u00fanicos. Con este lanzamiento, queremos inspirar al barista que todos llevamos dentro, combinando tecnolog\u00eda, dise\u00f1o y sabor para que cada preparaci\u00f3n sea una experiencia memorable\u201d, afirm\u00f3 Cecilia De Narv\u00e1ez, Head de Newell Brands Colombia.<\/p>\n\n\n\n<p>Con esta apuesta, Oster se alinea con una generaci\u00f3n de consumidores que transforma la manera de disfrutar el caf\u00e9: m\u00e1s consciente, m\u00e1s sensorial y, sobre todo, m\u00e1s cercana. De cara a los pr\u00f3ximos a\u00f1os, la marca proyecta un crecimiento sostenido en Colombia, impulsado por la expansi\u00f3n del consumo de caf\u00e9 en el hogar y la b\u00fasqueda de experiencias m\u00e1s conscientes y sensoriales. Oster seguir\u00e1 fortaleciendo su portafolio con soluciones que integren tecnolog\u00eda, dise\u00f1o y practicidad, respondiendo a las nuevas din\u00e1micas del consumidor moderno: exigente, informado y emocionalmente conectado con los momentos que vive en casa.<\/p>\n","protected":false},"excerpt":{"rendered":"<p>Bogot\u00e1, noviembre de 2025. Para nadie es un secreto que el caf\u00e9 es parte esencial de la identidad colombiana. Seg\u00fan la Federaci\u00f3n Nacional de Cafeteros, los colombianos consumen en promedio entre 3 y 4 tazas de caf\u00e9 al d\u00eda, &nbsp;impulsando la preferencia por caf\u00e9s de origen, premium y de alta calidad.. Sin embargo, el caf\u00e9&#8230;<\/p>\n","protected":false},"author":5,"featured_media":18624,"comment_status":"closed","ping_status":"closed","sticky":false,"template":"","format":"standard","meta":{"_FSMCFIC_featured_image_caption":"","_FSMCFIC_featured_image_nocaption":"","_FSMCFIC_featured_image_hide":"","footnotes":""},"categories":[22],"tags":[],"class_list":["post-18623","post","type-post","status-publish","format-standard","has-post-thumbnail","hentry","category-el_resto"],"_links":{"self":[{"href":"https:\/\/economiaconedmer.com\/economiaenserio\/wp-json\/wp\/v2\/posts\/18623","targetHints":{"allow":["GET"]}}],"collection":[{"href":"https:\/\/economiaconedmer.com\/economiaenserio\/wp-json\/wp\/v2\/posts"}],"about":[{"href":"https:\/\/economiaconedmer.com\/economiaenserio\/wp-json\/wp\/v2\/types\/post"}],"author":[{"embeddable":true,"href":"https:\/\/economiaconedmer.com\/economiaenserio\/wp-json\/wp\/v2\/users\/5"}],"replies":[{"embeddable":true,"href":"https:\/\/economiaconedmer.com\/economiaenserio\/wp-json\/wp\/v2\/comments?post=18623"}],"version-history":[{"count":3,"href":"https:\/\/economiaconedmer.com\/economiaenserio\/wp-json\/wp\/v2\/posts\/18623\/revisions"}],"predecessor-version":[{"id":18628,"href":"https:\/\/economiaconedmer.com\/economiaenserio\/wp-json\/wp\/v2\/posts\/18623\/revisions\/18628"}],"wp:featuredmedia":[{"embeddable":true,"href":"https:\/\/economiaconedmer.com\/economiaenserio\/wp-json\/wp\/v2\/media\/18624"}],"wp:attachment":[{"href":"https:\/\/economiaconedmer.com\/economiaenserio\/wp-json\/wp\/v2\/media?parent=18623"}],"wp:term":[{"taxonomy":"category","embeddable":true,"href":"https:\/\/economiaconedmer.com\/economiaenserio\/wp-json\/wp\/v2\/categories?post=18623"},{"taxonomy":"post_tag","embeddable":true,"href":"https:\/\/economiaconedmer.com\/economiaenserio\/wp-json\/wp\/v2\/tags?post=18623"}],"curies":[{"name":"wp","href":"https:\/\/api.w.org\/{rel}","templated":true}]}}