{"id":18602,"date":"2025-12-04T19:59:02","date_gmt":"2025-12-05T00:59:02","guid":{"rendered":"https:\/\/economiaconedmer.com\/economiaenserio\/?p=18602"},"modified":"2025-12-04T20:00:57","modified_gmt":"2025-12-05T01:00:57","slug":"comite-intergremial-del-tolima-cumple-40-anos","status":"publish","type":"post","link":"https:\/\/economiaconedmer.com\/economiaenserio\/12\/04\/comite-intergremial-del-tolima-cumple-40-anos\/destacados\/2025\/","title":{"rendered":"Comit\u00e9 Intergremial del Tolima cumple 40 a\u00f1os"},"content":{"rendered":"\n<p><strong>Ibagu\u00e9, diciembre 4 de 2025.<\/strong> Hace cuatro d\u00e9cadas, un grupo visionario de empresarios del Tolima tom\u00f3 una decisi\u00f3n trascendental: unir esfuerzos para fortalecer la empresa privada, impulsar la competitividad y representar con voz firme al sector productivo del departamento. As\u00ed naci\u00f3, el 20 de noviembre de 1985, el Comit\u00e9 de Gremios Econ\u00f3micos del Tolima, formalizado bajo la Resoluci\u00f3n N\u00ba 3233 del 6 de diciembre del mismo a\u00f1o.<\/p>\n\n\n\n<p>En aquel momento \u2014cuando el Tolima era referente nacional en industria textil, educaci\u00f3n, transporte a\u00e9reo, agro y cultura\u2014 se sembr\u00f3 el esp\u00edritu de cooperaci\u00f3n que hoy se mantiene m\u00e1s vigente que nunca.<br>El Comit\u00e9 se consolid\u00f3 como la principal fuerza articuladora del empresariado regional, integrando sectores como comercio, industria, turismo, hoteler\u00eda, agroindustria, gastronom\u00eda, ganader\u00eda, construcci\u00f3n, confecci\u00f3n-textil, cooperativismo, servicios, educaci\u00f3n e innovaci\u00f3n.<\/p>\n\n\n\n<p>\u201cLas regiones que creen en s\u00ed mismas transforman su destino. Hoy celebramos un legado que demuestra que el trabajo unido es capaz de mover la econom\u00eda, inspirar confianza y defender la identidad productiva del Tolima\u201d<\/p>\n\n\n\n<p><strong>Tolima: resiliente, competitivo y protagonista del desarrollo nacional<\/strong><\/p>\n\n\n\n<p>En tiempos de desaf\u00edos econ\u00f3micos para el pa\u00eds, el Tolima ha demostrado car\u00e1cter, articulaci\u00f3n y resultados:<\/p>\n\n\n\n<p><strong>Pobreza monetaria<\/strong>: 29,6 % \u2014la m\u00e1s baja en m\u00e1s de una d\u00e9cada.<br><strong>Crecimiento del PIB<\/strong>: 2,6 % en 2024, por encima del promedio nacional, con el agro y el turismo como motores.<br><strong>Competitividad regional<\/strong>: Ascenso en innovaci\u00f3n, educaci\u00f3n superior e infraestructura; Ibagu\u00e9 ingresa al Top 10 nacional.<br><strong>Empleo formal<\/strong>: Reactivaci\u00f3n sostenida en la capital.<\/p>\n\n\n\n<p><\/p>\n","protected":false},"excerpt":{"rendered":"<p>Ibagu\u00e9, diciembre 4 de 2025. Hace cuatro d\u00e9cadas, un grupo visionario de empresarios del Tolima tom\u00f3 una decisi\u00f3n trascendental: unir esfuerzos para fortalecer la empresa privada, impulsar la competitividad y representar con voz firme al sector productivo del departamento. As\u00ed naci\u00f3, el 20 de noviembre de 1985, el Comit\u00e9 de Gremios Econ\u00f3micos del Tolima, formalizado&#8230;<\/p>\n","protected":false},"author":5,"featured_media":18603,"comment_status":"closed","ping_status":"closed","sticky":false,"template":"","format":"standard","meta":{"_FSMCFIC_featured_image_caption":"","_FSMCFIC_featured_image_nocaption":"","_FSMCFIC_featured_image_hide":"","footnotes":""},"categories":[21],"tags":[],"class_list":["post-18602","post","type-post","status-publish","format-standard","has-post-thumbnail","hentry","category-destacados"],"_links":{"self":[{"href":"https:\/\/economiaconedmer.com\/economiaenserio\/wp-json\/wp\/v2\/posts\/18602","targetHints":{"allow":["GET"]}}],"collection":[{"href":"https:\/\/economiaconedmer.com\/economiaenserio\/wp-json\/wp\/v2\/posts"}],"about":[{"href":"https:\/\/economiaconedmer.com\/economiaenserio\/wp-json\/wp\/v2\/types\/post"}],"author":[{"embeddable":true,"href":"https:\/\/economiaconedmer.com\/economiaenserio\/wp-json\/wp\/v2\/users\/5"}],"replies":[{"embeddable":true,"href":"https:\/\/economiaconedmer.com\/economiaenserio\/wp-json\/wp\/v2\/comments?post=18602"}],"version-history":[{"count":1,"href":"https:\/\/economiaconedmer.com\/economiaenserio\/wp-json\/wp\/v2\/posts\/18602\/revisions"}],"predecessor-version":[{"id":18604,"href":"https:\/\/economiaconedmer.com\/economiaenserio\/wp-json\/wp\/v2\/posts\/18602\/revisions\/18604"}],"wp:featuredmedia":[{"embeddable":true,"href":"https:\/\/economiaconedmer.com\/economiaenserio\/wp-json\/wp\/v2\/media\/18603"}],"wp:attachment":[{"href":"https:\/\/economiaconedmer.com\/economiaenserio\/wp-json\/wp\/v2\/media?parent=18602"}],"wp:term":[{"taxonomy":"category","embeddable":true,"href":"https:\/\/economiaconedmer.com\/economiaenserio\/wp-json\/wp\/v2\/categories?post=18602"},{"taxonomy":"post_tag","embeddable":true,"href":"https:\/\/economiaconedmer.com\/economiaenserio\/wp-json\/wp\/v2\/tags?post=18602"}],"curies":[{"name":"wp","href":"https:\/\/api.w.org\/{rel}","templated":true}]}}