{"id":18544,"date":"2025-11-29T08:04:18","date_gmt":"2025-11-29T13:04:18","guid":{"rendered":"https:\/\/economiaconedmer.com\/economiaenserio\/?p=18544"},"modified":"2025-11-29T08:08:35","modified_gmt":"2025-11-29T13:08:35","slug":"el-desempleo-en-el-pais-sigue-a-la-baja-en-octubre-fue-de-81","status":"publish","type":"post","link":"https:\/\/economiaconedmer.com\/economiaenserio\/11\/29\/el-desempleo-en-el-pais-sigue-a-la-baja-en-octubre-fue-de-81\/el_bolsillo\/2025\/","title":{"rendered":"El desempleo sigue a la baja: en octubre fue de 8,2%"},"content":{"rendered":"\n<p>Contra todos los pron\u00f3sticos, la tasa de desempleo en Colombia sigue dando sorpresas por su acelerada tendencia a la baja. Seg\u00fan el Dane, en octubre pasado se ubic\u00f3 en 8,2%, cifra que no se registraba desde 2014, cuando se ubic\u00f3 en 8,1%,<\/p>\n\n\n\n<p>Este dato ratifica que la generaci\u00f3n de empleo es el indicador m\u00e1s positivo del 2025, y que la reactivaci\u00f3n de la econom\u00eda comienza a dar se\u00f1ales s\u00f3lidas, a pesar de que el crecimiento del Producto Interno Bruto (PIB), de Colombia, sigue rondando la cifra hist\u00f3rica de 3% de crecimiento anual.  <\/p>\n\n\n\n<p>La reducci\u00f3n del desempleo en octubre cobra mayor importancia cuando se analizan los datos de la poblaci\u00f3n ocupada, pues el resultado muestra un aumento significativo de  977 mil personas que consiguieron trabajo en octubre de 2025, lo que equivale a un 4,2% m\u00e1s respecto al mismo mes de 2024.<\/p>\n\n\n\n<p>Sin embargo, el lunar del comportamiento positivo del empleo en octubre pasado, fue el incremento del trabajo informal. De acuerdo con el Dane, en todo el pa\u00eds, la proporci\u00f3n de poblaci\u00f3n ocupada de manera informal, es decir, de colombianos que trabajan en el rebusque o por cuenta propia, y no disponen de seguridad social, se increment\u00f3 0,8%, al llegar a 56,1%. <\/p>\n\n\n\n<p><strong>\u00bfD\u00f3nde se est\u00e1 generando el empleo?<\/strong><\/p>\n\n\n\n<p>Las actividades econ\u00f3micas que est\u00e1n creando m\u00e1s puestos de trabajo son agricultura, ganader\u00eda, silvicultura y pesca (347 mil personas), alojamiento y servicios de comida (279 mil personas) y Transporte y almacenamiento (231 mil personas). En contraste, se registr\u00f3 disminuci\u00f3n en el comercio yla actividad de  reparaci\u00f3n de veh\u00edculos con 221 mil personas menos en el n\u00famero de ocupados.<\/p>\n\n\n\n<p>Entre tanto, las ciudades que presentaron mayores tasas de desocupaci\u00f3n durante octubre para este periodo fueron: Quibd\u00f3 (23,9%) con una diferencia de -2,3 p.p. respecto al mismo periodo del 2024 (26,2%), seguido de Sincelejo (12,3%) y Riohacha (12,2%). En contraste, las ciudades que mostraron menores tasas de desocupaci\u00f3n fueron: Villavicencio (6,8%), Medell\u00edn (\u00c1rea Metropolitana -A.M. (6,9%), y Bucaramanga A.M. (7,3%).<\/p>\n\n\n\n<figure class=\"wp-block-image size-large\"><img loading=\"lazy\" decoding=\"async\" width=\"300\" height=\"137\" src=\"https:\/\/economiaconedmer.com\/economiaenserio\/wp-content\/uploads\/2025\/11\/mas-camello-300x137.png\" alt=\"\" class=\"wp-image-18545\" srcset=\"https:\/\/economiaconedmer.com\/economiaenserio\/wp-content\/uploads\/2025\/11\/mas-camello-300x137.png 300w, https:\/\/economiaconedmer.com\/economiaenserio\/wp-content\/uploads\/2025\/11\/mas-camello-250x114.png 250w, https:\/\/economiaconedmer.com\/economiaenserio\/wp-content\/uploads\/2025\/11\/mas-camello-768x349.png 768w, https:\/\/economiaconedmer.com\/economiaenserio\/wp-content\/uploads\/2025\/11\/mas-camello-1536x699.png 1536w, https:\/\/economiaconedmer.com\/economiaenserio\/wp-content\/uploads\/2025\/11\/mas-camello.png 1558w\" sizes=\"auto, (max-width: 300px) 100vw, 300px\" \/><\/figure>\n","protected":false},"excerpt":{"rendered":"<p>Contra todos los pron\u00f3sticos, la tasa de desempleo en Colombia sigue dando sorpresas por su acelerada tendencia a la baja. Seg\u00fan el Dane, en octubre pasado se ubic\u00f3 en 8,2%, cifra que no se registraba desde 2014, cuando se ubic\u00f3 en 8,1%, Este dato ratifica que la generaci\u00f3n de empleo es el indicador m\u00e1s positivo&#8230;<\/p>\n","protected":false},"author":5,"featured_media":18549,"comment_status":"closed","ping_status":"closed","sticky":false,"template":"","format":"standard","meta":{"_FSMCFIC_featured_image_caption":"","_FSMCFIC_featured_image_nocaption":"","_FSMCFIC_featured_image_hide":"","footnotes":""},"categories":[2],"tags":[],"class_list":["post-18544","post","type-post","status-publish","format-standard","has-post-thumbnail","hentry","category-el_bolsillo"],"_links":{"self":[{"href":"https:\/\/economiaconedmer.com\/economiaenserio\/wp-json\/wp\/v2\/posts\/18544","targetHints":{"allow":["GET"]}}],"collection":[{"href":"https:\/\/economiaconedmer.com\/economiaenserio\/wp-json\/wp\/v2\/posts"}],"about":[{"href":"https:\/\/economiaconedmer.com\/economiaenserio\/wp-json\/wp\/v2\/types\/post"}],"author":[{"embeddable":true,"href":"https:\/\/economiaconedmer.com\/economiaenserio\/wp-json\/wp\/v2\/users\/5"}],"replies":[{"embeddable":true,"href":"https:\/\/economiaconedmer.com\/economiaenserio\/wp-json\/wp\/v2\/comments?post=18544"}],"version-history":[{"count":3,"href":"https:\/\/economiaconedmer.com\/economiaenserio\/wp-json\/wp\/v2\/posts\/18544\/revisions"}],"predecessor-version":[{"id":18548,"href":"https:\/\/economiaconedmer.com\/economiaenserio\/wp-json\/wp\/v2\/posts\/18544\/revisions\/18548"}],"wp:featuredmedia":[{"embeddable":true,"href":"https:\/\/economiaconedmer.com\/economiaenserio\/wp-json\/wp\/v2\/media\/18549"}],"wp:attachment":[{"href":"https:\/\/economiaconedmer.com\/economiaenserio\/wp-json\/wp\/v2\/media?parent=18544"}],"wp:term":[{"taxonomy":"category","embeddable":true,"href":"https:\/\/economiaconedmer.com\/economiaenserio\/wp-json\/wp\/v2\/categories?post=18544"},{"taxonomy":"post_tag","embeddable":true,"href":"https:\/\/economiaconedmer.com\/economiaenserio\/wp-json\/wp\/v2\/tags?post=18544"}],"curies":[{"name":"wp","href":"https:\/\/api.w.org\/{rel}","templated":true}]}}