{"id":18460,"date":"2025-11-24T19:29:32","date_gmt":"2025-11-25T00:29:32","guid":{"rendered":"https:\/\/economiaconedmer.com\/economiaenserio\/?p=18460"},"modified":"2025-11-24T19:34:09","modified_gmt":"2025-11-25T00:34:09","slug":"tecnologia-etica-y-liderazgo-el-foco-de-she-is-global-forum","status":"publish","type":"post","link":"https:\/\/economiaconedmer.com\/economiaenserio\/11\/24\/tecnologia-etica-y-liderazgo-el-foco-de-she-is-global-forum\/destacados\/2025\/","title":{"rendered":"Tecnolog\u00eda \u00e9tica y liderazgo, el foco de She Is Global Forum"},"content":{"rendered":"\n<p><strong>Bogot\u00e1, 20 de noviembre de 2025.<\/strong> El She Is Global Forum cerr\u00f3 su segunda jornada con una agenda cargada de conversaciones transformadoras sobre inteligencia artificial \u00e9tica, liderazgo femenino, resiliencia, construcci\u00f3n de paz y nuevas narrativas sobre equidad. M\u00e1s de 60 speakers nacionales e internacionales se reunieron en el Hotel Cosmos 100 para construir, desde m\u00faltiples voces, una hoja de ruta com\u00fan hacia la igualdad y el empoderamiento de mujeres y ni\u00f1as en Colombia y el mundo.<\/p>\n\n\n\n<p>En el evento se entregaron los siguientes reconocimidentos:<\/p>\n\n\n\n<p>\u25cf&nbsp;<strong>Ni\u00f1a del A\u00f1o She Is: Allison Avenda\u00f1o \u2013 CEO Digitally School<\/strong><strong><br><\/strong>Por su liderazgo en educaci\u00f3n digital y su capacidad para inspirar a otras ni\u00f1as a explorar la tecnolog\u00eda como puerta al futuro.<\/p>\n\n\n\n<p>\u25cf&nbsp;<strong>Mujer Joven del A\u00f1o She Is: Vanessa Dayana Olier \u2013 Fundadora de EcoBioVi BAR\u00da<\/strong><strong><br><\/strong>Destacada por su trabajo ambiental y comunitario en Bar\u00fa, impulsando soluciones sostenibles lideradas por mujeres j\u00f3venes.<\/p>\n\n\n\n<p>\u25cf&nbsp;<strong>Mujer del A\u00f1o She Is: Tracy Andrade \u2013 Fundadora de V-CASA y Mentalidad de Acero<\/strong><strong><br><\/strong>Reconocida por su transformaci\u00f3n personal y su impacto en miles de mujeres a trav\u00e9s de procesos de mentalidad, liderazgo y bienestar.<\/p>\n\n\n\n<p>\u25cf&nbsp;<strong>Hombre del A\u00f1o She Is: Arturo Calle \u2013 Fundador de la marca Arturo Calle<\/strong><strong><br><\/strong>Galardonado por su compromiso con la equidad, el empleo digno y la creaci\u00f3n de oportunidades para mujeres en el sector empresarial colombiano.<\/p>\n\n\n\n<p>\u25cf&nbsp;<strong>Mujer Rural del A\u00f1o She Is: Judy Brice\u00f1o \u2013 Cofundadora &amp; CEO de Tesoros Nativos<\/strong><strong><br><\/strong>Destacada por visibilizar el trabajo de mujeres rurales y liderar iniciativas que fortalecen econom\u00eda local, tradici\u00f3n y desarrollo comunitario.<\/p>\n\n\n\n<p>Finalmente, la noche brill\u00f3 con la pasarela&nbsp;<strong>\u00c1frica Fashion Week<\/strong>, liderada por la reconocida modelo y activista&nbsp;<strong>Belky Arizala<\/strong>, quien present\u00f3 una puesta en escena cargada de cultura, identidad y reivindicaci\u00f3n de la belleza afro.<\/p>\n\n\n\n<p>La ma\u00f1ana inici\u00f3 con una conversaci\u00f3n sobre el valor humano detr\u00e1s de la inteligencia artificial, moderada por el sacerdote italiano\u00a0<strong>Andrea Ciucci<\/strong>, secretario general de la Fundaci\u00f3n Vaticana RenAIssance.  \u201cNuestro trabajo en la Agencia del Vaticano busca comprender y promover c\u00f3mo las nuevas tecnolog\u00edas est\u00e1n transformando la vida humana. No podemos olvidar que el mundo est\u00e1 hecho de historias y ra\u00edces profundas que no pueden ser reemplazadas; reconocer ese pasado es el primer escal\u00f3n para imaginar un futuro verdaderamente humano.\u201d<\/p>\n\n\n\n<p><\/p>\n","protected":false},"excerpt":{"rendered":"<p>Bogot\u00e1, 20 de noviembre de 2025. El She Is Global Forum cerr\u00f3 su segunda jornada con una agenda cargada de conversaciones transformadoras sobre inteligencia artificial \u00e9tica, liderazgo femenino, resiliencia, construcci\u00f3n de paz y nuevas narrativas sobre equidad. M\u00e1s de 60 speakers nacionales e internacionales se reunieron en el Hotel Cosmos 100 para construir, desde m\u00faltiples&#8230;<\/p>\n","protected":false},"author":5,"featured_media":18465,"comment_status":"closed","ping_status":"closed","sticky":false,"template":"","format":"standard","meta":{"_FSMCFIC_featured_image_caption":"","_FSMCFIC_featured_image_nocaption":"","_FSMCFIC_featured_image_hide":"","footnotes":""},"categories":[21],"tags":[],"class_list":["post-18460","post","type-post","status-publish","format-standard","has-post-thumbnail","hentry","category-destacados"],"_links":{"self":[{"href":"https:\/\/economiaconedmer.com\/economiaenserio\/wp-json\/wp\/v2\/posts\/18460","targetHints":{"allow":["GET"]}}],"collection":[{"href":"https:\/\/economiaconedmer.com\/economiaenserio\/wp-json\/wp\/v2\/posts"}],"about":[{"href":"https:\/\/economiaconedmer.com\/economiaenserio\/wp-json\/wp\/v2\/types\/post"}],"author":[{"embeddable":true,"href":"https:\/\/economiaconedmer.com\/economiaenserio\/wp-json\/wp\/v2\/users\/5"}],"replies":[{"embeddable":true,"href":"https:\/\/economiaconedmer.com\/economiaenserio\/wp-json\/wp\/v2\/comments?post=18460"}],"version-history":[{"count":3,"href":"https:\/\/economiaconedmer.com\/economiaenserio\/wp-json\/wp\/v2\/posts\/18460\/revisions"}],"predecessor-version":[{"id":18466,"href":"https:\/\/economiaconedmer.com\/economiaenserio\/wp-json\/wp\/v2\/posts\/18460\/revisions\/18466"}],"wp:featuredmedia":[{"embeddable":true,"href":"https:\/\/economiaconedmer.com\/economiaenserio\/wp-json\/wp\/v2\/media\/18465"}],"wp:attachment":[{"href":"https:\/\/economiaconedmer.com\/economiaenserio\/wp-json\/wp\/v2\/media?parent=18460"}],"wp:term":[{"taxonomy":"category","embeddable":true,"href":"https:\/\/economiaconedmer.com\/economiaenserio\/wp-json\/wp\/v2\/categories?post=18460"},{"taxonomy":"post_tag","embeddable":true,"href":"https:\/\/economiaconedmer.com\/economiaenserio\/wp-json\/wp\/v2\/tags?post=18460"}],"curies":[{"name":"wp","href":"https:\/\/api.w.org\/{rel}","templated":true}]}}