{"id":18352,"date":"2025-11-17T11:38:50","date_gmt":"2025-11-17T16:38:50","guid":{"rendered":"https:\/\/economiaconedmer.com\/economiaenserio\/?p=18352"},"modified":"2025-11-17T11:38:51","modified_gmt":"2025-11-17T16:38:51","slug":"mujeres-en-la-tech-en-colombia","status":"publish","type":"post","link":"https:\/\/economiaconedmer.com\/economiaenserio\/11\/17\/mujeres-en-la-tech-en-colombia\/destacados\/2025\/","title":{"rendered":"Mujeres en la Tech\u201d en Colombia"},"content":{"rendered":"\n<p><strong>Bogot\u00e1, noviembre de 2025.<\/strong>\u00a0\u2014 La comunidad\u00a0La French Tech Bogot\u00e1\u00a0realiz\u00f3 por primera vez en Colombia el evento internacional\u00a0\u201cMujeres en la Tech\u201d, una iniciativa que promueve la visibilidad, la inclusi\u00f3n y el liderazgo femenino en el ecosistema tecnol\u00f3gico y empresarial. El encuentro reuni\u00f3 a destacadas l\u00edderes de los sectores p\u00fablico y privado de Colombia y Francia, quienes compartieron experiencias, desaf\u00edos y estrategias para fortalecer la participaci\u00f3n de las en las \u00e1reas de ciencia, tecnolog\u00eda e\u00a0innovaci\u00f3n.<\/p>\n\n\n\n<p>Durante la apertura,\u00a0Ila Travesedo, presidenta de\u00a0<em>La French Tech Bogot\u00e1<\/em>, destac\u00f3 que el evento forma parte de una serie global desarrollada en pa\u00edses como M\u00e9xico y Rumania, y subray\u00f3 la importancia de realizarlo en el pa\u00eds:\u201cSabemos que Colombia tiene un enorme potencial en tecnolog\u00eda liderada por mujeres. Queremos poner la mirada del mundo en este talento, conectar a las tomadoras de decisiones y abrir m\u00e1s espacios para su participaci\u00f3n en la transformaci\u00f3n digital\u201d, afirm\u00f3 Travesedo.<\/p>\n\n\n\n<p>El evento cont\u00f3 con el apoyo de la\u00a0<em>C\u00e1mara de Comercio e Industria France-Colombia (CCI France Colombia)<\/em>.\u00a0Pedro Valero, su director ejecutivo resalt\u00f3 el avance del pa\u00eds en materia de equidad de g\u00e9nero y el papel del sector empresarial en cerrar las brechas existentes:<\/p>\n\n\n\n<p>\u201cSeg\u00fan el Foro Econ\u00f3mico Mundial, el mundo mantiene a\u00fan un 68% de brecha de g\u00e9nero. En Colombia, ese \u00edndice alcanza el 75%, lo que demuestra avances significativos. Desde la C\u00e1mara impulsamos iniciativas como el&nbsp;<em>Club de Mujeres Mar\u00eda<\/em>, que brinda herramientas de liderazgo y empoderamiento para asumir roles m\u00e1s estrat\u00e9gicos dentro de las compa\u00f1\u00edas\u201d, se\u00f1al\u00f3 Valero.<\/p>\n\n\n\n<p>Por su parte,\u00a0Pierre Ram\u00edrez, director de\u00a0<em>Business France en Colombia<\/em>, destac\u00f3 la colaboraci\u00f3n bilateral y el compromiso de la red francesa con la diversidad y la innovaci\u00f3n:\u201cM\u00e1s del 68% del equipo de Business France en el mundo est\u00e1 conformado por mujeres. Ellas son el motor que impulsa las conexiones, las inversiones y los proyectos entre Francia y Colombia. La creatividad y la inteligencia femenina son clave para construir soluciones con impacto\u201d, afirm\u00f3.<\/p>\n\n\n\n<p>Desde el sector p\u00fablico,\u00a0Laura Tami, secretaria de la Mujer de Bogot\u00e1, enfatiz\u00f3 la importancia de la autonom\u00eda tecnol\u00f3gica como herramienta de empoderamiento social y econ\u00f3mico:\u201cLa tecnolog\u00eda no puede ser un privilegio. En Bogot\u00e1 contamos con 18 centros de inclusi\u00f3n digital para acercar a las mujeres a las TIC. Ya hemos capacitado a m\u00e1s de 14.000 mujeres y seguimos trabajando junto al sector privado para ampliar estas oportunidades y reducir las brechas\u201d, expres\u00f3.<\/p>\n\n\n\n<p>El encuentro tambi\u00e9n gener\u00f3 un grupo de\u00a0embajadoras de La French Tech Bogot\u00e1, l\u00edderes reconocidas en la industria tecnol\u00f3gica y empresarial, quienes compartieron su visi\u00f3n sobre innovaci\u00f3n, mentor\u00eda y liderazgo. Sus intervenciones inspiraron un di\u00e1logo sobre los retos y oportunidades del talento femenino en \u00e1reas como marketing, software, finanzas, y desarrollo tecnol\u00f3gico.<\/p>\n\n\n\n<p>Finalmente,\u00a0Philippe Berdou,\u00a0primer consejero de la Embajada de Francia\u00a0en\u00a0Colombia subray\u00f3 el valor de los programas de liderazgo inclusivo y las iniciativas que favorecen el acceso de las mujeres a carreras tecnol\u00f3gicas en Francia y Am\u00e9rica Latina.<\/p>\n\n\n\n<p>Con este primer encuentro de\u00a0<em>Mujeres en la Tech<\/em>,\u00a0La French Tech Bogot\u00e1\u00a0reafirma su compromiso de crear puentes entre Francia y Colombia para fortalecer la equidad, la innovaci\u00f3n y el crecimiento del ecosistema digital, impulsando una nueva generaci\u00f3n de mujeres l\u00edderes en tecnolog\u00eda.<\/p>\n\n\n\n<p><\/p>\n","protected":false},"excerpt":{"rendered":"<p>Bogot\u00e1, noviembre de 2025.\u00a0\u2014 La comunidad\u00a0La French Tech Bogot\u00e1\u00a0realiz\u00f3 por primera vez en Colombia el evento internacional\u00a0\u201cMujeres en la Tech\u201d, una iniciativa que promueve la visibilidad, la inclusi\u00f3n y el liderazgo femenino en el ecosistema tecnol\u00f3gico y empresarial. El encuentro reuni\u00f3 a destacadas l\u00edderes de los sectores p\u00fablico y privado de Colombia y Francia, quienes&#8230;<\/p>\n","protected":false},"author":5,"featured_media":18353,"comment_status":"closed","ping_status":"closed","sticky":false,"template":"","format":"standard","meta":{"_FSMCFIC_featured_image_caption":"","_FSMCFIC_featured_image_nocaption":"","_FSMCFIC_featured_image_hide":"","footnotes":""},"categories":[21],"tags":[],"class_list":["post-18352","post","type-post","status-publish","format-standard","has-post-thumbnail","hentry","category-destacados"],"_links":{"self":[{"href":"https:\/\/economiaconedmer.com\/economiaenserio\/wp-json\/wp\/v2\/posts\/18352","targetHints":{"allow":["GET"]}}],"collection":[{"href":"https:\/\/economiaconedmer.com\/economiaenserio\/wp-json\/wp\/v2\/posts"}],"about":[{"href":"https:\/\/economiaconedmer.com\/economiaenserio\/wp-json\/wp\/v2\/types\/post"}],"author":[{"embeddable":true,"href":"https:\/\/economiaconedmer.com\/economiaenserio\/wp-json\/wp\/v2\/users\/5"}],"replies":[{"embeddable":true,"href":"https:\/\/economiaconedmer.com\/economiaenserio\/wp-json\/wp\/v2\/comments?post=18352"}],"version-history":[{"count":1,"href":"https:\/\/economiaconedmer.com\/economiaenserio\/wp-json\/wp\/v2\/posts\/18352\/revisions"}],"predecessor-version":[{"id":18354,"href":"https:\/\/economiaconedmer.com\/economiaenserio\/wp-json\/wp\/v2\/posts\/18352\/revisions\/18354"}],"wp:featuredmedia":[{"embeddable":true,"href":"https:\/\/economiaconedmer.com\/economiaenserio\/wp-json\/wp\/v2\/media\/18353"}],"wp:attachment":[{"href":"https:\/\/economiaconedmer.com\/economiaenserio\/wp-json\/wp\/v2\/media?parent=18352"}],"wp:term":[{"taxonomy":"category","embeddable":true,"href":"https:\/\/economiaconedmer.com\/economiaenserio\/wp-json\/wp\/v2\/categories?post=18352"},{"taxonomy":"post_tag","embeddable":true,"href":"https:\/\/economiaconedmer.com\/economiaenserio\/wp-json\/wp\/v2\/tags?post=18352"}],"curies":[{"name":"wp","href":"https:\/\/api.w.org\/{rel}","templated":true}]}}